{"id":135637,"date":"2021-06-18T08:00:00","date_gmt":"2021-06-18T07:00:00","guid":{"rendered":"http:\/\/www.tucomarca.com\/wordpress\/segunda\/?p=135637"},"modified":"2021-06-18T08:40:37","modified_gmt":"2021-06-18T07:40:37","slug":"concerte-homenatge-a-jose-maria-cervera-lloret-i-solidaritat-amb-les-persones-refugiades-aquest-cap-de-setmana-a-alborache","status":"publish","type":"post","link":"https:\/\/www.tucomarca.com\/wordpress\/segunda\/ca\/concerte-homenatge-a-jose-maria-cervera-lloret-i-solidaritat-amb-les-persones-refugiades-aquest-cap-de-setmana-a-alborache\/","title":{"rendered":"Concerte homenatge a Jos\u00e9 Mar\u00eda Cervera Lloret i solidaritat amb les persones refugiades aquest cap de setmana a Alborache"},"content":{"rendered":"\n<h4 class=\"wp-block-heading\">El dissabte 19 de juny Alborache rebr\u00e0 la visita d&#8217;una comitiva de CEAR Val\u00e8ncia per a commemorar el Dia Mundial del Refugiat i a la vesprada tindr\u00e0 lloc un concert en mem\u00f2ria de Jos\u00e9 Mar\u00eda Cervera Lloret a l&#8217;Auditori Municipal.<\/h4>\n\n\n\n<figure class=\"wp-block-image size-large\"><img loading=\"lazy\" decoding=\"async\" width=\"787\" height=\"443\" src=\"http:\/\/www.tucomarca.com\/wordpress\/segunda\/wp-content\/uploads\/2021\/06\/CEARAlborache.jpg\" alt=\"\" class=\"wp-image-135633\" srcset=\"https:\/\/www.tucomarca.com\/wordpress\/segunda\/wp-content\/uploads\/2021\/06\/CEARAlborache.jpg 787w, https:\/\/www.tucomarca.com\/wordpress\/segunda\/wp-content\/uploads\/2021\/06\/CEARAlborache-300x169.jpg 300w, https:\/\/www.tucomarca.com\/wordpress\/segunda\/wp-content\/uploads\/2021\/06\/CEARAlborache-768x432.jpg 768w, https:\/\/www.tucomarca.com\/wordpress\/segunda\/wp-content\/uploads\/2021\/06\/CEARAlborache-678x381.jpg 678w\" sizes=\"auto, (max-width: 787px) 100vw, 787px\" \/><\/figure>\n\n\n\n<figure class=\"wp-block-image size-large\"><img loading=\"lazy\" decoding=\"async\" width=\"696\" height=\"984\" src=\"http:\/\/www.tucomarca.com\/wordpress\/segunda\/wp-content\/uploads\/2021\/06\/AlboracheHomenajeJoseMCervera.jpg\" alt=\"\" class=\"wp-image-135631\" srcset=\"https:\/\/www.tucomarca.com\/wordpress\/segunda\/wp-content\/uploads\/2021\/06\/AlboracheHomenajeJoseMCervera.jpg 696w, https:\/\/www.tucomarca.com\/wordpress\/segunda\/wp-content\/uploads\/2021\/06\/AlboracheHomenajeJoseMCervera-212x300.jpg 212w\" sizes=\"auto, (max-width: 696px) 100vw, 696px\" \/><\/figure>\n\n\n\n<p>Les activitats culturals i solid\u00e0ries tornen a poc a poc a Alborache. Aquest dissabte 19 se celebra en la localitat el Dia Mundial dels Refugiats en col\u00b7laboraci\u00f3 amb CEAR Val\u00e8ncia i un concert homenatge a Jos\u00e9 Mar\u00eda Cervera Lloret.<\/p>\n\n\n\n<p><strong>CEAR Val\u00e8ncia tria Alborache per a commemorar el Dia Mundial del Refugiat<\/strong><\/p>\n\n\n\n<p>El 20 de juny \u00e9s el Dia Mundial del Refugiat amb el lema en 2021 \u201cJunts ens cuidem, aprenem i brillem\u201d. CEAR Val\u00e8ncia ha triat Alborache per a les activitats d&#8217;enguany, visibilitzar la dif\u00edcil situaci\u00f3 de les persones refugiades i destacar la seua aportaci\u00f3 a la societat d&#8217;acolliment.<br>El dissabte 19 de juny un grup 40 persones refugiades acollides per CEAR Val\u00e8ncia visitaran Alborache i gaudiran de la Ruta dels Molins i del nostre poble, acompanyats per ve\u00efns i ve\u00efnes que vulguen sumar-se a aquesta activitat solid\u00e0ria i de conscienciaci\u00f3.<\/p>\n\n\n\n<p>Ser\u00e0 un dia especial per a aquestes persones que s&#8217;han vist obligades a fugir del seu pa\u00eds per patir persecuci\u00f3 per motius de ra\u00e7a, religi\u00f3, nacionalitat, opinions pol\u00edtiques, pertinen\u00e7a a determinat grup social, de g\u00e8nere o orientaci\u00f3 sexual.<\/p>\n\n\n\n<p><strong>Concert homenatge a Jos\u00e9 Mar\u00eda Cervera Lloret<\/strong><\/p>\n\n\n\n<p>A m\u00e9s, a les 19.00 hores, l&#8217;auditori municipal Jos\u00e9 Mar\u00eda Cervera Collado acollir\u00e0 un concert a c\u00e0rrec de la Unitat de M\u00fasica Militar de la Caserna General Terrestre d&#8217;Alta Disponibilitat de Val\u00e8ncia i la Societat Instructiva Musical La Primitiva d&#8217;Alborache, interpretant peces del seu repertori.&nbsp;<br>Previst en 2020, en el marc dels actes del 110 aniversari del naixement del compositor, m\u00fasic i pedagog de la m\u00fasica, aquest \u00e9s un dels actes que han hagut d&#8217;ajornar-se a 2021 a causa de la pand\u00e8mia.<\/p>\n","protected":false},"excerpt":{"rendered":"<div class=\"mh-excerpt\">El dissabte 19 de juny Alborache rebr\u00e0 la visita d&#8217;una comitiva de CEAR Val\u00e8ncia per a commemorar el Dia Mundial del Refugiat i a la vesprada tindr\u00e0 lloc un concert en mem\u00f2ria de Jos\u00e9 Mar\u00eda <a class=\"mh-excerpt-more\" href=\"https:\/\/www.tucomarca.com\/wordpress\/segunda\/ca\/concerte-homenatge-a-jose-maria-cervera-lloret-i-solidaritat-amb-les-persones-refugiades-aquest-cap-de-setmana-a-alborache\/\" title=\"Concerte homenatge a Jos\u00e9 Mar\u00eda Cervera Lloret i solidaritat amb les persones refugiades aquest cap de setmana a Alborache\">[+] <\/a><\/div>\n","protected":false},"author":12,"featured_media":135632,"comment_status":"open","ping_status":"open","sticky":false,"template":"","format":"standard","meta":{"footnotes":""},"categories":[11019,10973,11005,10948,10894,10912,11007,10947,10896],"tags":[11224,14737,14883,10914],"class_list":{"0":"post-135637","1":"post","2":"type-post","3":"status-publish","4":"format-standard","5":"has-post-thumbnail","7":"category-agenda-ca","8":"category-alborache-ca","9":"category-canal-musica","10":"category-infraestructuras-ca","11":"category-la-comarca-ca","12":"category-la-hoya-ca","13":"category-ocio-y-cultura-ca","14":"category-politica","15":"category-seccion-ca","16":"tag-alborache-ca","17":"tag-cear-ca","18":"tag-dia-mundial-del-refugiado-ca","19":"tag-la-hoya-de-bunol-chiva-ca"},"_links":{"self":[{"href":"https:\/\/www.tucomarca.com\/wordpress\/segunda\/ca\/wp-json\/wp\/v2\/posts\/135637","targetHints":{"allow":["GET"]}}],"collection":[{"href":"https:\/\/www.tucomarca.com\/wordpress\/segunda\/ca\/wp-json\/wp\/v2\/posts"}],"about":[{"href":"https:\/\/www.tucomarca.com\/wordpress\/segunda\/ca\/wp-json\/wp\/v2\/types\/post"}],"author":[{"embeddable":true,"href":"https:\/\/www.tucomarca.com\/wordpress\/segunda\/ca\/wp-json\/wp\/v2\/users\/12"}],"replies":[{"embeddable":true,"href":"https:\/\/www.tucomarca.com\/wordpress\/segunda\/ca\/wp-json\/wp\/v2\/comments?post=135637"}],"version-history":[{"count":0,"href":"https:\/\/www.tucomarca.com\/wordpress\/segunda\/ca\/wp-json\/wp\/v2\/posts\/135637\/revisions"}],"wp:featuredmedia":[{"embeddable":true,"href":"https:\/\/www.tucomarca.com\/wordpress\/segunda\/ca\/wp-json\/wp\/v2\/media\/135632"}],"wp:attachment":[{"href":"https:\/\/www.tucomarca.com\/wordpress\/segunda\/ca\/wp-json\/wp\/v2\/media?parent=135637"}],"wp:term":[{"taxonomy":"category","embeddable":true,"href":"https:\/\/www.tucomarca.com\/wordpress\/segunda\/ca\/wp-json\/wp\/v2\/categories?post=135637"},{"taxonomy":"post_tag","embeddable":true,"href":"https:\/\/www.tucomarca.com\/wordpress\/segunda\/ca\/wp-json\/wp\/v2\/tags?post=135637"}],"curies":[{"name":"wp","href":"https:\/\/api.w.org\/{rel}","templated":true}]}}