{"id":135780,"date":"2021-06-18T21:36:27","date_gmt":"2021-06-18T20:36:27","guid":{"rendered":"http:\/\/www.tucomarca.com\/wordpress\/segunda\/?p=135780"},"modified":"2021-06-18T21:37:13","modified_gmt":"2021-06-18T20:37:13","slug":"video-resumen-y-post-partido-el-beltran-baguena-decidira-quien-jugara-la-final-tras-empatar-a-un-gol-la-ud-vall-duxo-y-el-cd-bunol","status":"publish","type":"post","link":"https:\/\/www.tucomarca.com\/wordpress\/segunda\/ca\/video-resumen-y-post-partido-el-beltran-baguena-decidira-quien-jugara-la-final-tras-empatar-a-un-gol-la-ud-vall-duxo-y-el-cd-bunol\/","title":{"rendered":"V\u00eddeo resumeixen i post partit: el Beltr\u00e1n B\u00e1guena decidir\u00e0 qui jugar\u00e0 la final despr\u00e9s d&#8217;empatar a un gol la UD la Vall d&#8217;Uix\u00f3 i el CD Bunyol"},"content":{"rendered":"\n<figure class=\"wp-block-embed is-type-video is-provider-youtube wp-block-embed-youtube wp-embed-aspect-16-9 wp-has-aspect-ratio\"><div class=\"wp-block-embed__wrapper\">\n<iframe loading=\"lazy\" title=\"Resumen y post partido: el Beltr\u00e1n B\u00e1guena decidir\u00e1 el finalista tras empatar Vall d&#039;Ux\u00f3 y Bu\u00f1ol a 1\" width=\"500\" height=\"281\" src=\"https:\/\/www.youtube.com\/embed\/HluDi3sdwCc?feature=oembed\" frameborder=\"0\" allow=\"accelerometer; autoplay; clipboard-write; encrypted-media; gyroscope; picture-in-picture; web-share\" referrerpolicy=\"strict-origin-when-cross-origin\" allowfullscreen><\/iframe>\n<\/div><\/figure>\n\n\n\n<p>UD la Vall d&#8217;Uix\u00f3 i CD Bu\u00f1ol han empatat a un gol en el seu transcendental primer partit en el play off d&#8217;ascens a Tercera Divisi\u00f3 2020-21; amb un gol per als locals en l&#8217;\u00faltim sospir obra de Pradas, que tornava a posar a zero el marcador per a tots dos conjunts en el partit disputat aquest dijous a la vesprada a la ciutat castellonenca.<\/p>\n\n\n\n<p>Se adelant\u00f3 primero el equipo visitante por mediaci\u00f3n de Mateo en el minuto 27, tras parar con el pecho un bal\u00f3n e impulsarlo al fondo de las mallas desde el mismo punto de penalti y tras un saque de banda de Adri\u00e1n. <\/p>\n\n\n\n<p>Sin embargo, los locales, obligados a ganar en su campo, no dejaron de insistir en el ataque hasta que lograron su gol en el \u00faltimo suspiro del tiempo descuento. <\/p>\n\n\n\n<p>A pesar del empate, este resultado no deja de ser bueno para los campeones del grupo tercero de la Regional Preferente valenciana, ya que todo ha quedado abierto para que sea el viejo Beltr\u00e1n B\u00e1guena donde se decida el equipo que jugar\u00e1 la final de ascenso a Tercera Divisi\u00f3n.<\/p>\n","protected":false},"excerpt":{"rendered":"<div class=\"mh-excerpt\">UD la Vall d&#8217;Uix\u00f3 i CD Bu\u00f1ol han empatat a un gol en el seu transcendental primer partit en el play off d&#8217;ascens a Tercera Divisi\u00f3 2020-21; amb un gol per als locals en l&#8217;\u00faltim <a class=\"mh-excerpt-more\" href=\"https:\/\/www.tucomarca.com\/wordpress\/segunda\/ca\/video-resumen-y-post-partido-el-beltran-baguena-decidira-quien-jugara-la-final-tras-empatar-a-un-gol-la-ud-vall-duxo-y-el-cd-bunol\/\" title=\"V\u00eddeo resumeixen i post partit: el Beltr\u00e1n B\u00e1guena decidir\u00e0 qui jugar\u00e0 la final despr\u00e9s d&#8217;empatar a un gol la UD la Vall d&#8217;Uix\u00f3 i el CD Bunyol\">[+] <\/a><\/div>\n","protected":false},"author":1,"featured_media":135774,"comment_status":"open","ping_status":"open","sticky":false,"template":"","format":"video","meta":{"footnotes":""},"categories":[10911,11015,11003,10898,10894,10904,10912,10896,11062],"tags":[11126,11074,11264,14914,10914,12802,14916],"class_list":{"0":"post-135780","1":"post","2":"type-post","3":"status-publish","4":"format-video","5":"has-post-thumbnail","7":"category-bunol-ca","8":"category-canal-futbol","9":"category-sports","10":"category-ventana-ca","11":"category-la-comarca-ca","12":"category-sin-categorizar-ca","13":"category-la-hoya-ca","14":"category-seccion-ca","15":"category-videos","16":"tag-cd-bunol-ca","17":"tag-deportes-ca","18":"tag-esports-ca","19":"tag-fase-ascenso-ca","20":"tag-la-hoya-de-bunol-chiva-ca","21":"tag-regional-preferente-ca","22":"tag-tercera-division-ca","23":"post_format-post-format-video"},"_links":{"self":[{"href":"https:\/\/www.tucomarca.com\/wordpress\/segunda\/ca\/wp-json\/wp\/v2\/posts\/135780","targetHints":{"allow":["GET"]}}],"collection":[{"href":"https:\/\/www.tucomarca.com\/wordpress\/segunda\/ca\/wp-json\/wp\/v2\/posts"}],"about":[{"href":"https:\/\/www.tucomarca.com\/wordpress\/segunda\/ca\/wp-json\/wp\/v2\/types\/post"}],"author":[{"embeddable":true,"href":"https:\/\/www.tucomarca.com\/wordpress\/segunda\/ca\/wp-json\/wp\/v2\/users\/1"}],"replies":[{"embeddable":true,"href":"https:\/\/www.tucomarca.com\/wordpress\/segunda\/ca\/wp-json\/wp\/v2\/comments?post=135780"}],"version-history":[{"count":0,"href":"https:\/\/www.tucomarca.com\/wordpress\/segunda\/ca\/wp-json\/wp\/v2\/posts\/135780\/revisions"}],"wp:featuredmedia":[{"embeddable":true,"href":"https:\/\/www.tucomarca.com\/wordpress\/segunda\/ca\/wp-json\/wp\/v2\/media\/135774"}],"wp:attachment":[{"href":"https:\/\/www.tucomarca.com\/wordpress\/segunda\/ca\/wp-json\/wp\/v2\/media?parent=135780"}],"wp:term":[{"taxonomy":"category","embeddable":true,"href":"https:\/\/www.tucomarca.com\/wordpress\/segunda\/ca\/wp-json\/wp\/v2\/categories?post=135780"},{"taxonomy":"post_tag","embeddable":true,"href":"https:\/\/www.tucomarca.com\/wordpress\/segunda\/ca\/wp-json\/wp\/v2\/tags?post=135780"}],"curies":[{"name":"wp","href":"https:\/\/api.w.org\/{rel}","templated":true}]}}