{"id":135921,"date":"2021-06-21T20:32:00","date_gmt":"2021-06-21T19:32:00","guid":{"rendered":"http:\/\/www.tucomarca.com\/wordpress\/segunda\/?p=135921"},"modified":"2021-06-21T22:34:16","modified_gmt":"2021-06-21T21:34:16","slug":"sanitat-registra-204-nous-casos-de-coronavirus-una-defuncio-i-397-altes","status":"publish","type":"post","link":"https:\/\/www.tucomarca.com\/wordpress\/segunda\/ca\/sanitat-registra-204-nous-casos-de-coronavirus-una-defuncio-i-397-altes\/","title":{"rendered":"Sanitat registra 204 nous casos de coronavirus, una defunci\u00f3 i 397 altes"},"content":{"rendered":"\n<p><strong>S&#8217;han comptabilitzat 7 nous positius a Castell\u00f3, 76 a Alacant i 121 a Val\u00e8ncia<\/strong><\/p>\n\n\n\n<p><strong>La Comunitat Valenciana t\u00e9 2.383.919 persones amb una dosi de la vacuna i 1.446.899 amb la pauta d&#8217;immunitzaci\u00f3 \u00f2ptima<\/strong><\/p>\n\n\n\n<p>Un total de 2.383.919 personas cuentan ya con una dosis de la vacuna contra el coronavirus en la Comunitat Valenciana. Con la pauta completa de inmunizaci\u00f3n (dos dosis para Pfizer, Moderna y AstraZeneca; y la monodosis de Janssen) hay 1.446.899 personas. Por provincias, la distribuci\u00f3n es la siguiente: 175.835 en Castell\u00f3n, 538.177 en Alicante y 732.887 en Valencia.<\/p>\n\n\n\n<p>Adem\u00e1s, se han notificado 204 casos nuevos de coronavirus confirmados por prueba PCR o a trav\u00e9s de test de ant\u00edgenos desde la \u00faltima actualizaci\u00f3n, que sit\u00faan la cifra total de positivos en 398.192 personas. Por provincias, esta es la distribuci\u00f3n: 7 en Castell\u00f3n (41.313 en total); 76 en Alicante (148.963 en total); y 121 en Valencia, (207.915 en total). El total de casos no asignados se mantiene en 1.<\/p>\n\n\n\n<p>Los hospitales valencianos tienen, actualmente, 112 personas ingresadas: 14 en la provincia de Castell\u00f3n, 1 pacientes en UCI; 18 en la provincia de Alicante, 2 de ellos en la UCI; y 80 en la provincia de Valencia, 11 de ellos en UCI.<\/p>\n\n\n\n<p>Desde la \u00faltima actualizaci\u00f3n se han registrado 397 altas a pacientes con coronavirus. De esta forma, ya son 400.139 personas en la Comunitat Valenciana las que han superado la enfermedad desde que comenz\u00f3 la pandemia. Por provincias, las altas se distribuyen del siguiente modo: 41.927 en Castell\u00f3n, 149.311 en Alicante y 208.844 en Valencia. El total de altas no asignadas se mantiene en 57.<\/p>\n\n\n\n<p>Desde la \u00faltima actualizaci\u00f3n se ha registrado 1 deceso por coronavirus, por lo que el total de defunciones desde el inicio de la pandemia asciende a 7.448: 807 en la provincia de Castell\u00f3n, 2.842 en la de Alicante y 3.799 en la de Valencia.<\/p>\n\n\n\n<p>&#8211; \u00daltimos 7 d\u00edas: 1<\/p>\n\n\n\n<p>De acuerdo con los datos registrados, en estos momentos hay 2.072 casos activos, lo que supone un 0,51% del total de positivos.<\/p>\n","protected":false},"excerpt":{"rendered":"<div class=\"mh-excerpt\">S&#8217;han comptabilitzat 7 nous positius a Castell\u00f3, 76 a Alacant i 121 a Val\u00e8ncia La Comunitat Valenciana t\u00e9 2.383.919 persones amb una dosi de la vacuna i 1.446.899 amb la pauta d&#8217;immunitzaci\u00f3 \u00f2ptima Un total <a class=\"mh-excerpt-more\" href=\"https:\/\/www.tucomarca.com\/wordpress\/segunda\/ca\/sanitat-registra-204-nous-casos-de-coronavirus-una-defuncio-i-397-altes\/\" title=\"Sanitat registra 204 nous casos de coronavirus, una defunci\u00f3 i 397 altes\">[+] <\/a><\/div>\n","protected":false},"author":1,"featured_media":127646,"comment_status":"open","ping_status":"open","sticky":false,"template":"","format":"standard","meta":{"footnotes":""},"categories":[11010,12202,10898,10948,10894,10904,10903,10947,10896,10897],"tags":[11939,11940,13963,13932],"class_list":{"0":"post-135921","1":"post","2":"type-post","3":"status-publish","4":"format-standard","5":"has-post-thumbnail","7":"category-canal-salud","8":"category-covid-19-ca","9":"category-ventana-ca","10":"category-infraestructuras-ca","11":"category-la-comarca-ca","12":"category-sin-categorizar-ca","13":"category-medio-ambiente-la-comarca-ca","14":"category-politica","15":"category-seccion-ca","16":"category-sucesos-la-comarca-ca","17":"tag-coronavirus-ca","18":"tag-covid-19-ca","19":"tag-vacunacion-ca","20":"tag-vacunas-ca"},"_links":{"self":[{"href":"https:\/\/www.tucomarca.com\/wordpress\/segunda\/ca\/wp-json\/wp\/v2\/posts\/135921","targetHints":{"allow":["GET"]}}],"collection":[{"href":"https:\/\/www.tucomarca.com\/wordpress\/segunda\/ca\/wp-json\/wp\/v2\/posts"}],"about":[{"href":"https:\/\/www.tucomarca.com\/wordpress\/segunda\/ca\/wp-json\/wp\/v2\/types\/post"}],"author":[{"embeddable":true,"href":"https:\/\/www.tucomarca.com\/wordpress\/segunda\/ca\/wp-json\/wp\/v2\/users\/1"}],"replies":[{"embeddable":true,"href":"https:\/\/www.tucomarca.com\/wordpress\/segunda\/ca\/wp-json\/wp\/v2\/comments?post=135921"}],"version-history":[{"count":0,"href":"https:\/\/www.tucomarca.com\/wordpress\/segunda\/ca\/wp-json\/wp\/v2\/posts\/135921\/revisions"}],"wp:featuredmedia":[{"embeddable":true,"href":"https:\/\/www.tucomarca.com\/wordpress\/segunda\/ca\/wp-json\/wp\/v2\/media\/127646"}],"wp:attachment":[{"href":"https:\/\/www.tucomarca.com\/wordpress\/segunda\/ca\/wp-json\/wp\/v2\/media?parent=135921"}],"wp:term":[{"taxonomy":"category","embeddable":true,"href":"https:\/\/www.tucomarca.com\/wordpress\/segunda\/ca\/wp-json\/wp\/v2\/categories?post=135921"},{"taxonomy":"post_tag","embeddable":true,"href":"https:\/\/www.tucomarca.com\/wordpress\/segunda\/ca\/wp-json\/wp\/v2\/tags?post=135921"}],"curies":[{"name":"wp","href":"https:\/\/api.w.org\/{rel}","templated":true}]}}