{"id":135939,"date":"2021-06-22T08:00:00","date_gmt":"2021-06-22T07:00:00","guid":{"rendered":"http:\/\/www.tucomarca.com\/wordpress\/segunda\/?p=135939"},"modified":"2021-06-22T14:15:59","modified_gmt":"2021-06-22T13:15:59","slug":"lactivitat-el-bosc-dels-xiquets-i-les-xiquetes-reuneix-les-families-dels-nascuts-i-les-nascudes-en-2019-i-2020","status":"publish","type":"post","link":"https:\/\/www.tucomarca.com\/wordpress\/segunda\/ca\/lactivitat-el-bosc-dels-xiquets-i-les-xiquetes-reuneix-les-families-dels-nascuts-i-les-nascudes-en-2019-i-2020\/","title":{"rendered":"L&#8217;activitat el \u201cBosc dels xiquets i les xiquetes\u201d reuneix les fam\u00edlies dels nascuts i les nascudes en 2019 i 2020&nbsp;"},"content":{"rendered":"\n<h4 class=\"wp-block-heading\">La tradicional plantaci\u00f3 d&#8217;arbres se substitueix per dos concerts a c\u00e0rrec de l&#8217;AM La Lira per a complir amb els protocols sanitaris<\/h4>\n\n\n\n<p>Enguany l&#8217;Ajuntament ha organitzat d&#8217;una manera especial l&#8217;activitat \u201cEl bosc dels xiquetes i les xiquetes\u201d, ja que la tradicional plantaci\u00f3 d&#8217;arbres que es realitzava al parc de la Lomiquia no es podia dur a terme complint amb les mesures sanit\u00e0ries. En aquesta ocasi\u00f3, s&#8217;ha rebut a les fam\u00edlies dels nascuts i nascudes en 2019 i 2020 repartits en dos dies, dissabte i diumenge, en la carpa instal\u00b7lada al Parc de la Lomiquia, i s&#8217;han organitzat dos concerts adaptats al p\u00fablic infantil oferits pels m\u00e9s xicotets i les m\u00e9s xicotetes de l&#8217;escola de l&#8217;Associaci\u00f3 Musical La Lira.&nbsp;<\/p>\n\n\n\n<p>L&#8217;alcalde, Jos\u00e9 Morell, va dedicar unes paraules als i les assistents tots dos dies. \u201cAquest acte \u00e9s dels m\u00e9s entranyables de l&#8217;any perqu\u00e8 es tracta d&#8217;una trobada en el qual reunim els que seran futurs companys del col\u00b7legi, d&#8217;esports, de jocs i de la vida. Hem viscut moments molt durs enguany, per\u00f2 si haguera de traure una conclusi\u00f3 positiva d&#8217;aquesta pand\u00e8mia, seria que el confinament i el toc de queda ens ha perm\u00e9s passar molt m\u00e9s temps amb els nostres fills i filles\u201d.<\/p>\n\n\n\n<p>Pr\u00f2ximament l&#8217;Ajuntament dur\u00e0 a terme la plantaci\u00f3 d&#8217;arbres i instal\u00b7lar\u00e0 les plaques amb els noms dels nascuts i nascudes en 2019 i 2020 al parc de la Lomiquia.<\/p>\n\n\n\n<p><strong>Concerts<\/strong><\/p>\n\n\n\n<p>El dissabte els i les protagonistes de l&#8217;acte van ser els alumnes i les alumnes del jard\u00ed musical que, al costat dels seus professors Rub\u00e9n Albarras\u00ed i Andrea Ruiz, van oferir una divertida mostra del que estan aprenent a trav\u00e9s del m\u00e8tode Gabou, amb el qual usen els teclats des dels 3 anys. El diumenge va ser el torn del conjunt instrumental, que sota la direcci\u00f3 d&#8217;Albarras\u00ed va interpretar un tema preparat especialment per al concert al costat d&#8217;altres can\u00e7ons del seu repertori. Totes dues actuacions van rebre l&#8217;ovaci\u00f3 del p\u00fablic, implicat des del primer moment ballant des dels seus seients.<\/p>\n\n\n\n<figure class=\"wp-block-gallery columns-2 is-cropped wp-block-gallery-1 is-layout-flex wp-block-gallery-is-layout-flex\"><ul class=\"blocks-gallery-grid\"><li class=\"blocks-gallery-item\"><figure><img loading=\"lazy\" decoding=\"async\" width=\"787\" height=\"525\" src=\"http:\/\/www.tucomarca.com\/wordpress\/segunda\/wp-content\/uploads\/2021\/06\/ChesteBosqueninos04.jpg\" alt=\"\" data-id=\"135934\" data-full-url=\"http:\/\/www.tucomarca.com\/wordpress\/segunda\/wp-content\/uploads\/2021\/06\/ChesteBosqueninos04.jpg\" data-link=\"http:\/\/www.tucomarca.com\/wordpress\/segunda\/?attachment_id=135934\" class=\"wp-image-135934\" srcset=\"https:\/\/www.tucomarca.com\/wordpress\/segunda\/wp-content\/uploads\/2021\/06\/ChesteBosqueninos04.jpg 787w, https:\/\/www.tucomarca.com\/wordpress\/segunda\/wp-content\/uploads\/2021\/06\/ChesteBosqueninos04-300x200.jpg 300w, https:\/\/www.tucomarca.com\/wordpress\/segunda\/wp-content\/uploads\/2021\/06\/ChesteBosqueninos04-768x512.jpg 768w\" sizes=\"auto, (max-width: 787px) 100vw, 787px\" \/><\/figure><\/li><li class=\"blocks-gallery-item\"><figure><img loading=\"lazy\" decoding=\"async\" width=\"787\" height=\"525\" src=\"http:\/\/www.tucomarca.com\/wordpress\/segunda\/wp-content\/uploads\/2021\/06\/ChesteBosqueninos03.jpg\" alt=\"\" data-id=\"135932\" data-full-url=\"http:\/\/www.tucomarca.com\/wordpress\/segunda\/wp-content\/uploads\/2021\/06\/ChesteBosqueninos03.jpg\" data-link=\"http:\/\/www.tucomarca.com\/wordpress\/segunda\/?attachment_id=135932\" class=\"wp-image-135932\" srcset=\"https:\/\/www.tucomarca.com\/wordpress\/segunda\/wp-content\/uploads\/2021\/06\/ChesteBosqueninos03.jpg 787w, https:\/\/www.tucomarca.com\/wordpress\/segunda\/wp-content\/uploads\/2021\/06\/ChesteBosqueninos03-300x200.jpg 300w, https:\/\/www.tucomarca.com\/wordpress\/segunda\/wp-content\/uploads\/2021\/06\/ChesteBosqueninos03-768x512.jpg 768w\" sizes=\"auto, (max-width: 787px) 100vw, 787px\" \/><\/figure><\/li><li class=\"blocks-gallery-item\"><figure><img loading=\"lazy\" decoding=\"async\" width=\"787\" height=\"525\" src=\"http:\/\/www.tucomarca.com\/wordpress\/segunda\/wp-content\/uploads\/2021\/06\/ChesteBosqueninos02.jpg\" alt=\"\" data-id=\"135930\" data-full-url=\"http:\/\/www.tucomarca.com\/wordpress\/segunda\/wp-content\/uploads\/2021\/06\/ChesteBosqueninos02.jpg\" data-link=\"http:\/\/www.tucomarca.com\/wordpress\/segunda\/?attachment_id=135930\" class=\"wp-image-135930\" srcset=\"https:\/\/www.tucomarca.com\/wordpress\/segunda\/wp-content\/uploads\/2021\/06\/ChesteBosqueninos02.jpg 787w, https:\/\/www.tucomarca.com\/wordpress\/segunda\/wp-content\/uploads\/2021\/06\/ChesteBosqueninos02-300x200.jpg 300w, https:\/\/www.tucomarca.com\/wordpress\/segunda\/wp-content\/uploads\/2021\/06\/ChesteBosqueninos02-768x512.jpg 768w\" sizes=\"auto, (max-width: 787px) 100vw, 787px\" \/><\/figure><\/li><li class=\"blocks-gallery-item\"><figure><img loading=\"lazy\" decoding=\"async\" width=\"787\" height=\"525\" src=\"http:\/\/www.tucomarca.com\/wordpress\/segunda\/wp-content\/uploads\/2021\/06\/ChesteBosqueninos05.jpg\" alt=\"\" data-id=\"135936\" data-full-url=\"http:\/\/www.tucomarca.com\/wordpress\/segunda\/wp-content\/uploads\/2021\/06\/ChesteBosqueninos05.jpg\" data-link=\"http:\/\/www.tucomarca.com\/wordpress\/segunda\/?attachment_id=135936\" class=\"wp-image-135936\" srcset=\"https:\/\/www.tucomarca.com\/wordpress\/segunda\/wp-content\/uploads\/2021\/06\/ChesteBosqueninos05.jpg 787w, https:\/\/www.tucomarca.com\/wordpress\/segunda\/wp-content\/uploads\/2021\/06\/ChesteBosqueninos05-300x200.jpg 300w, https:\/\/www.tucomarca.com\/wordpress\/segunda\/wp-content\/uploads\/2021\/06\/ChesteBosqueninos05-768x512.jpg 768w\" sizes=\"auto, (max-width: 787px) 100vw, 787px\" \/><\/figure><\/li><\/ul><\/figure>\n","protected":false},"excerpt":{"rendered":"<div class=\"mh-excerpt\">La tradicional plantaci\u00f3 d&#8217;arbres se substitueix per dos concerts a c\u00e0rrec de l&#8217;AM La Lira per a complir amb els protocols sanitaris Enguany l&#8217;Ajuntament ha organitzat d&#8217;una manera especial l&#8217;activitat \u201cEl bosc dels xiquetes i <a class=\"mh-excerpt-more\" href=\"https:\/\/www.tucomarca.com\/wordpress\/segunda\/ca\/lactivitat-el-bosc-dels-xiquets-i-les-xiquetes-reuneix-les-families-dels-nascuts-i-les-nascudes-en-2019-i-2020\/\" title=\"L&#8217;activitat el \u201cBosc dels xiquets i les xiquetes\u201d reuneix les fam\u00edlies dels nascuts i les nascudes en 2019 i 2020&nbsp;\">[+] <\/a><\/div>\n","protected":false},"author":12,"featured_media":135929,"comment_status":"open","ping_status":"open","sticky":false,"template":"","format":"gallery","meta":{"footnotes":""},"categories":[11005,10948,10894,10912,11007,10896,10974],"tags":[14935,11071,14936,10914],"class_list":{"0":"post-135939","1":"post","2":"type-post","3":"status-publish","4":"format-gallery","5":"has-post-thumbnail","7":"category-canal-musica","8":"category-infraestructuras-ca","9":"category-la-comarca-ca","10":"category-la-hoya-ca","11":"category-ocio-y-cultura-ca","12":"category-seccion-ca","13":"category-cheste-ca","14":"tag-am-la-lira-ca","15":"tag-cheste","16":"tag-el-bosque-de-los-ninos-y-las-ninas-ca","17":"tag-la-hoya-de-bunol-chiva-ca","18":"post_format-post-format-gallery"},"_links":{"self":[{"href":"https:\/\/www.tucomarca.com\/wordpress\/segunda\/ca\/wp-json\/wp\/v2\/posts\/135939","targetHints":{"allow":["GET"]}}],"collection":[{"href":"https:\/\/www.tucomarca.com\/wordpress\/segunda\/ca\/wp-json\/wp\/v2\/posts"}],"about":[{"href":"https:\/\/www.tucomarca.com\/wordpress\/segunda\/ca\/wp-json\/wp\/v2\/types\/post"}],"author":[{"embeddable":true,"href":"https:\/\/www.tucomarca.com\/wordpress\/segunda\/ca\/wp-json\/wp\/v2\/users\/12"}],"replies":[{"embeddable":true,"href":"https:\/\/www.tucomarca.com\/wordpress\/segunda\/ca\/wp-json\/wp\/v2\/comments?post=135939"}],"version-history":[{"count":0,"href":"https:\/\/www.tucomarca.com\/wordpress\/segunda\/ca\/wp-json\/wp\/v2\/posts\/135939\/revisions"}],"wp:featuredmedia":[{"embeddable":true,"href":"https:\/\/www.tucomarca.com\/wordpress\/segunda\/ca\/wp-json\/wp\/v2\/media\/135929"}],"wp:attachment":[{"href":"https:\/\/www.tucomarca.com\/wordpress\/segunda\/ca\/wp-json\/wp\/v2\/media?parent=135939"}],"wp:term":[{"taxonomy":"category","embeddable":true,"href":"https:\/\/www.tucomarca.com\/wordpress\/segunda\/ca\/wp-json\/wp\/v2\/categories?post=135939"},{"taxonomy":"post_tag","embeddable":true,"href":"https:\/\/www.tucomarca.com\/wordpress\/segunda\/ca\/wp-json\/wp\/v2\/tags?post=135939"}],"curies":[{"name":"wp","href":"https:\/\/api.w.org\/{rel}","templated":true}]}}