{"id":135954,"date":"2021-06-22T06:40:00","date_gmt":"2021-06-22T05:40:00","guid":{"rendered":"http:\/\/www.tucomarca.com\/wordpress\/segunda\/?p=135954"},"modified":"2021-06-22T14:18:20","modified_gmt":"2021-06-22T13:18:20","slug":"membres-del-prya-visiten-llogarets-i-barris-de-requena-per-a-coneixer-les-seues-mancances-i-desperfectes-en-installacions-publiques","status":"publish","type":"post","link":"https:\/\/www.tucomarca.com\/wordpress\/segunda\/ca\/membres-del-prya-visiten-llogarets-i-barris-de-requena-per-a-coneixer-les-seues-mancances-i-desperfectes-en-installacions-publiques\/","title":{"rendered":"Membres del PRyA visiten llogarets i barris de Requena per a con\u00e9ixer les seues mancances i desperfectes en instal\u00b7lacions p\u00fabliques"},"content":{"rendered":"\n<p>Amb motiu dels dos anys de legislatura, des del Partit Requena i Llogarets &#8220;han comen\u00e7at una ronda de visites pels barris de la ciutat de Requena, aix\u00ed com pels 25 llogarets per a comprovar el seu estat i veure les seues mancances, aix\u00ed com per a parlar amb els ve\u00efns i recollir els seus suggeriments i reivindicacions&#8221; afirmen des de la formaci\u00f3 pol\u00edtica. En aquesta ocasi\u00f3, membres del Partit de Requena i Llogarets diuen que van visitar el llogaret requenense de Pen\u00e9n de Albosa a petici\u00f3 dels ve\u00efns d&#8217;aquesta. &#8220;All\u00ed vam poder comprovar com la falta de manteniment i d&#8217;inversions en aquesta poblaci\u00f3 l&#8217;ha portada a una situaci\u00f3 lamentable&#8221; manifesten. &#8220;Ens trobem -van afegir- amb carrers sense asfaltar, voreres destrossades o inexistents, passos de zebra sense pintar, fonts trencades des de fa anys, bancs amb la fusta gastada, entre altres desperfectes, que fa m\u00e9s que evident la falta de manteniment per part del govern municipal de PSOE i Podemos&#8221;.<\/p>\n\n\n\n<p>En cuanto a zonas deportivas, &#8220;tan s\u00f3lo tiene un front\u00f3n que se inunda cada vez que llueve por la mala reparaci\u00f3n que se ha hecho al no dejar la posibilidad de desaguar y la piscina municipal, a d\u00eda de hoy sigue sin las labores de mantenimiento para proceder a su apertura a pesar de estar a las puertas del d\u00eda de apertura para el ba\u00f1o&#8221; denuncian representantes del PR y A. Adem\u00e1s respecto al centro social, este &#8220;se encuentra sin pintar desde hace muchos a\u00f1os y con los azulejos de los aseos por el suelo, adem\u00e1s de una instalaci\u00f3n el\u00e9ctrica obsoleta, por no hablar de que no tienen un triste calefactor. <\/p>\n\n\n\n<p>Esta lamentable situaci\u00f3n es fruto de la dejadez para con esta aldea&#8221; manifiestan las fuentes. Informa,<strong> Luis Ib\u00e1\u00f1ez.<\/strong><\/p>\n\n\n\n<figure class=\"wp-block-gallery columns-3 is-cropped wp-block-gallery-1 is-layout-flex wp-block-gallery-is-layout-flex\"><ul class=\"blocks-gallery-grid\"><li class=\"blocks-gallery-item\"><figure><img loading=\"lazy\" decoding=\"async\" width=\"787\" height=\"590\" src=\"http:\/\/www.tucomarca.com\/wordpress\/segunda\/wp-content\/uploads\/2021\/06\/RequenaPRyAldeas04.jpg\" alt=\"\" data-id=\"135950\" data-full-url=\"http:\/\/www.tucomarca.com\/wordpress\/segunda\/wp-content\/uploads\/2021\/06\/RequenaPRyAldeas04.jpg\" data-link=\"http:\/\/www.tucomarca.com\/wordpress\/segunda\/?attachment_id=135950\" class=\"wp-image-135950\" srcset=\"https:\/\/www.tucomarca.com\/wordpress\/segunda\/wp-content\/uploads\/2021\/06\/RequenaPRyAldeas04.jpg 787w, https:\/\/www.tucomarca.com\/wordpress\/segunda\/wp-content\/uploads\/2021\/06\/RequenaPRyAldeas04-300x225.jpg 300w, https:\/\/www.tucomarca.com\/wordpress\/segunda\/wp-content\/uploads\/2021\/06\/RequenaPRyAldeas04-768x576.jpg 768w, https:\/\/www.tucomarca.com\/wordpress\/segunda\/wp-content\/uploads\/2021\/06\/RequenaPRyAldeas04-678x509.jpg 678w, https:\/\/www.tucomarca.com\/wordpress\/segunda\/wp-content\/uploads\/2021\/06\/RequenaPRyAldeas04-326x245.jpg 326w, https:\/\/www.tucomarca.com\/wordpress\/segunda\/wp-content\/uploads\/2021\/06\/RequenaPRyAldeas04-80x60.jpg 80w\" sizes=\"auto, (max-width: 787px) 100vw, 787px\" \/><\/figure><\/li><li class=\"blocks-gallery-item\"><figure><img loading=\"lazy\" decoding=\"async\" width=\"787\" height=\"590\" src=\"http:\/\/www.tucomarca.com\/wordpress\/segunda\/wp-content\/uploads\/2021\/06\/RequenaPRyAldeas03.jpg\" alt=\"\" data-id=\"135948\" data-full-url=\"http:\/\/www.tucomarca.com\/wordpress\/segunda\/wp-content\/uploads\/2021\/06\/RequenaPRyAldeas03.jpg\" data-link=\"http:\/\/www.tucomarca.com\/wordpress\/segunda\/?attachment_id=135948\" class=\"wp-image-135948\" srcset=\"https:\/\/www.tucomarca.com\/wordpress\/segunda\/wp-content\/uploads\/2021\/06\/RequenaPRyAldeas03.jpg 787w, https:\/\/www.tucomarca.com\/wordpress\/segunda\/wp-content\/uploads\/2021\/06\/RequenaPRyAldeas03-300x225.jpg 300w, https:\/\/www.tucomarca.com\/wordpress\/segunda\/wp-content\/uploads\/2021\/06\/RequenaPRyAldeas03-768x576.jpg 768w, https:\/\/www.tucomarca.com\/wordpress\/segunda\/wp-content\/uploads\/2021\/06\/RequenaPRyAldeas03-678x509.jpg 678w, https:\/\/www.tucomarca.com\/wordpress\/segunda\/wp-content\/uploads\/2021\/06\/RequenaPRyAldeas03-326x245.jpg 326w, https:\/\/www.tucomarca.com\/wordpress\/segunda\/wp-content\/uploads\/2021\/06\/RequenaPRyAldeas03-80x60.jpg 80w\" sizes=\"auto, (max-width: 787px) 100vw, 787px\" \/><\/figure><\/li><li class=\"blocks-gallery-item\"><figure><img loading=\"lazy\" decoding=\"async\" width=\"591\" height=\"787\" src=\"http:\/\/www.tucomarca.com\/wordpress\/segunda\/wp-content\/uploads\/2021\/06\/RequenaPRyAldeas02.jpg\" alt=\"\" data-id=\"135946\" data-full-url=\"http:\/\/www.tucomarca.com\/wordpress\/segunda\/wp-content\/uploads\/2021\/06\/RequenaPRyAldeas02.jpg\" data-link=\"http:\/\/www.tucomarca.com\/wordpress\/segunda\/?attachment_id=135946\" class=\"wp-image-135946\" srcset=\"https:\/\/www.tucomarca.com\/wordpress\/segunda\/wp-content\/uploads\/2021\/06\/RequenaPRyAldeas02.jpg 591w, https:\/\/www.tucomarca.com\/wordpress\/segunda\/wp-content\/uploads\/2021\/06\/RequenaPRyAldeas02-225x300.jpg 225w\" sizes=\"auto, (max-width: 591px) 100vw, 591px\" \/><\/figure><\/li><\/ul><\/figure>\n","protected":false},"excerpt":{"rendered":"<div class=\"mh-excerpt\">Amb motiu dels dos anys de legislatura, des del Partit Requena i Llogarets &#8220;han comen\u00e7at una ronda de visites pels barris de la ciutat de Requena, aix\u00ed com pels 25 llogarets per a comprovar el <a class=\"mh-excerpt-more\" href=\"https:\/\/www.tucomarca.com\/wordpress\/segunda\/ca\/membres-del-prya-visiten-llogarets-i-barris-de-requena-per-a-coneixer-les-seues-mancances-i-desperfectes-en-installacions-publiques\/\" title=\"Membres del PRyA visiten llogarets i barris de Requena per a con\u00e9ixer les seues mancances i desperfectes en instal\u00b7lacions p\u00fabliques\">[+] <\/a><\/div>\n","protected":false},"author":12,"featured_media":135945,"comment_status":"open","ping_status":"open","sticky":false,"template":"","format":"gallery","meta":{"footnotes":""},"categories":[10948,10894,10947,10908,10909,10896,10897],"tags":[14938,11531,12796,11099,11459],"class_list":{"0":"post-135954","1":"post","2":"type-post","3":"status-publish","4":"format-gallery","5":"has-post-thumbnail","7":"category-infraestructuras-ca","8":"category-la-comarca-ca","9":"category-politica","10":"category-requena-ca","11":"category-requena-utiel-ca","12":"category-seccion-ca","13":"category-sucesos-la-comarca-ca","14":"tag-instalaciones-publicas-ca","15":"tag-partido-de-requena-y-aldeas-ca","16":"tag-prya-ca","17":"tag-requena-ca","18":"tag-utiel-requena-ca","19":"post_format-post-format-gallery"},"_links":{"self":[{"href":"https:\/\/www.tucomarca.com\/wordpress\/segunda\/ca\/wp-json\/wp\/v2\/posts\/135954","targetHints":{"allow":["GET"]}}],"collection":[{"href":"https:\/\/www.tucomarca.com\/wordpress\/segunda\/ca\/wp-json\/wp\/v2\/posts"}],"about":[{"href":"https:\/\/www.tucomarca.com\/wordpress\/segunda\/ca\/wp-json\/wp\/v2\/types\/post"}],"author":[{"embeddable":true,"href":"https:\/\/www.tucomarca.com\/wordpress\/segunda\/ca\/wp-json\/wp\/v2\/users\/12"}],"replies":[{"embeddable":true,"href":"https:\/\/www.tucomarca.com\/wordpress\/segunda\/ca\/wp-json\/wp\/v2\/comments?post=135954"}],"version-history":[{"count":0,"href":"https:\/\/www.tucomarca.com\/wordpress\/segunda\/ca\/wp-json\/wp\/v2\/posts\/135954\/revisions"}],"wp:featuredmedia":[{"embeddable":true,"href":"https:\/\/www.tucomarca.com\/wordpress\/segunda\/ca\/wp-json\/wp\/v2\/media\/135945"}],"wp:attachment":[{"href":"https:\/\/www.tucomarca.com\/wordpress\/segunda\/ca\/wp-json\/wp\/v2\/media?parent=135954"}],"wp:term":[{"taxonomy":"category","embeddable":true,"href":"https:\/\/www.tucomarca.com\/wordpress\/segunda\/ca\/wp-json\/wp\/v2\/categories?post=135954"},{"taxonomy":"post_tag","embeddable":true,"href":"https:\/\/www.tucomarca.com\/wordpress\/segunda\/ca\/wp-json\/wp\/v2\/tags?post=135954"}],"curies":[{"name":"wp","href":"https:\/\/api.w.org\/{rel}","templated":true}]}}