{"id":136003,"date":"2021-06-22T09:00:00","date_gmt":"2021-06-22T08:00:00","guid":{"rendered":"http:\/\/www.tucomarca.com\/wordpress\/segunda\/?p=136003"},"modified":"2021-06-22T14:05:59","modified_gmt":"2021-06-22T13:05:59","slug":"la-sala-el-mercat-de-bunyol-presenta-una-seleccio-de-curts-aquesta-vesprada","status":"publish","type":"post","link":"https:\/\/www.tucomarca.com\/wordpress\/segunda\/ca\/la-sala-el-mercat-de-bunyol-presenta-una-seleccio-de-curts-aquesta-vesprada\/","title":{"rendered":"La Sala El Mercat de Bunyol presenta una selecci\u00f3 de curts aquesta vesprada"},"content":{"rendered":"\n<p>El Festival Viure de Cinema de Bunyol 2021 va concloure dijous passat en el Teatre\u00a0Montecarloamb un homenatge a l&#8217;Any Berlanga projectant una de les seues millors pel\u00b7l\u00edcules, \u201cEl Botx\u00ed\u201d. A l&#8217;acte va assistir la Comissionada per la Generalitat Valenciana dels actes amb motiu del centenari del naixement de Luis Garc\u00eda Berlanga,\u00a0Rosana\u00a0Pastor.<\/p>\n\n\n\n<p><br>Hui, dimarts 22 de juny, a les\u00a020h\u00a0a la Sala El Mercat de Bunyol, i ja com a \u00faltim acte dins d&#8217;aquest magn\u00edfic i reeixit festival de cinema, es projectaran un conjunt de Curtmetratges del\u00a0Institut\u00a0Valenci\u00e0\u00a0de Cultura, homenatjant aquest art en la nit m\u00e9s curta de l&#8217;any, centrat en projectar els millors curtmetratges del moment, realitzats per valencians. L&#8217;entrada \u00e9s gratu\u00efta.<br>En la selecci\u00f3 dels millors curts es podran veure aquesta vesprada a les\u00a020h\u00a0a la Sala El Mercat de Bu\u00f1ol els seg\u00fcents treballs: \u201cEls gossos borden\u201d de Sergio Serrano; \u201cHeurtebise\u201d\u00a0d&#8217;Elisa Torres; \u201cRutina: La prohibici\u00f3\u201d; \u201cVictoria\u201d de Daniel Toledo; \u201cEsfinx\u00a0Urbana\u201d\u00a0de Mar\u00eda Lorenzo i \u201cGaspatxo\u201d de Caridad Lorenzo.\u00a0<\/p>\n\n\n\n<p><br>\u00daltima gran sessi\u00f3 de cinema. Juan Luis Pall\u00e1s, regidor de Cultura a l&#8217;Ajuntament de Bu\u00f1ol, ha realitzat un excel\u00b7lent balan\u00e7 de totes les projeccions, aix\u00ed com de l&#8217;assist\u00e8ncia de p\u00fablic: \u201cEls ve\u00efns de la localitat han donat suport al cinema en sala; una gran prova que Bu\u00f1ol \u00e9s art, \u00e9s cultura, i per aix\u00f2, perqu\u00e8 creiem en la cultura, continuem secundant-la des de totes les seues disciplines. El Viure de Cinema \u00e9s alguna cosa molt nostre, i enguany, malgrat les dificultats, s&#8217;han complit tots els protocols, i la gent ha assistit respectant l&#8217;aforament perm\u00e9s en els dos teatres del municipi. Estem molt satisfets per part de tots els que organitzem aquest festival de cinema per l&#8217;alta qualitat de les projeccions i per l&#8217;exemple que ha demostrat la ciutadania donant suport al cinema en sala, donant suport a la cultura cinematogr\u00e0fica\u201d, va finalitzar l&#8217;edil del ram.<\/p>\n","protected":false},"excerpt":{"rendered":"<div class=\"mh-excerpt\">El Festival Viure de Cinema de Bunyol 2021 va concloure dijous passat en el Teatre\u00a0Montecarloamb un homenatge a l&#8217;Any Berlanga projectant una de les seues millors pel\u00b7l\u00edcules, \u201cEl Botx\u00ed\u201d. A l&#8217;acte va assistir la Comissionada <a class=\"mh-excerpt-more\" href=\"https:\/\/www.tucomarca.com\/wordpress\/segunda\/ca\/la-sala-el-mercat-de-bunyol-presenta-una-seleccio-de-curts-aquesta-vesprada\/\" title=\"La Sala El Mercat de Bunyol presenta una selecci\u00f3 de curts aquesta vesprada\">[+] <\/a><\/div>\n","protected":false},"author":1,"featured_media":136001,"comment_status":"open","ping_status":"open","sticky":false,"template":"","format":"standard","meta":{"footnotes":""},"categories":[11019,10911,10894,10912,11007,10896],"tags":[10913,10914],"class_list":{"0":"post-136003","1":"post","2":"type-post","3":"status-publish","4":"format-standard","5":"has-post-thumbnail","7":"category-agenda-ca","8":"category-bunol-ca","9":"category-la-comarca-ca","10":"category-la-hoya-ca","11":"category-ocio-y-cultura-ca","12":"category-seccion-ca","13":"tag-bunol-ca","14":"tag-la-hoya-de-bunol-chiva-ca"},"_links":{"self":[{"href":"https:\/\/www.tucomarca.com\/wordpress\/segunda\/ca\/wp-json\/wp\/v2\/posts\/136003","targetHints":{"allow":["GET"]}}],"collection":[{"href":"https:\/\/www.tucomarca.com\/wordpress\/segunda\/ca\/wp-json\/wp\/v2\/posts"}],"about":[{"href":"https:\/\/www.tucomarca.com\/wordpress\/segunda\/ca\/wp-json\/wp\/v2\/types\/post"}],"author":[{"embeddable":true,"href":"https:\/\/www.tucomarca.com\/wordpress\/segunda\/ca\/wp-json\/wp\/v2\/users\/1"}],"replies":[{"embeddable":true,"href":"https:\/\/www.tucomarca.com\/wordpress\/segunda\/ca\/wp-json\/wp\/v2\/comments?post=136003"}],"version-history":[{"count":0,"href":"https:\/\/www.tucomarca.com\/wordpress\/segunda\/ca\/wp-json\/wp\/v2\/posts\/136003\/revisions"}],"wp:featuredmedia":[{"embeddable":true,"href":"https:\/\/www.tucomarca.com\/wordpress\/segunda\/ca\/wp-json\/wp\/v2\/media\/136001"}],"wp:attachment":[{"href":"https:\/\/www.tucomarca.com\/wordpress\/segunda\/ca\/wp-json\/wp\/v2\/media?parent=136003"}],"wp:term":[{"taxonomy":"category","embeddable":true,"href":"https:\/\/www.tucomarca.com\/wordpress\/segunda\/ca\/wp-json\/wp\/v2\/categories?post=136003"},{"taxonomy":"post_tag","embeddable":true,"href":"https:\/\/www.tucomarca.com\/wordpress\/segunda\/ca\/wp-json\/wp\/v2\/tags?post=136003"}],"curies":[{"name":"wp","href":"https:\/\/api.w.org\/{rel}","templated":true}]}}