{"id":136025,"date":"2021-06-22T17:15:00","date_gmt":"2021-06-22T16:15:00","guid":{"rendered":"http:\/\/www.tucomarca.com\/wordpress\/segunda\/?p=136025"},"modified":"2021-06-22T17:41:24","modified_gmt":"2021-06-22T16:41:24","slug":"lunio-musical-de-iatova-homenatja-en-un-concert-a-santiago-lope-gonzalo-primer-director-de-la-banda-municipal-de-valencia","status":"publish","type":"post","link":"https:\/\/www.tucomarca.com\/wordpress\/segunda\/ca\/lunio-musical-de-iatova-homenatja-en-un-concert-a-santiago-lope-gonzalo-primer-director-de-la-banda-municipal-de-valencia\/","title":{"rendered":"La Uni\u00f3 Musical de I\u00e0tova homenatja en un concert a Santiago Lope Gonzalo, primer director de la Banda Municipal de Val\u00e8ncia"},"content":{"rendered":"\n<p>La banda simf\u00f2nica de la Societat Uni\u00f3 Musical de Y\u00e1tova va oferir un animat concert dissabte passat al pati del col\u00b7legi Pintor Sorolla, com tantes vegades va fer antigament, amb el qual va homenatjar la figura i m\u00fasica de Sr. Santiago Lope Gonzalo, qui fora el primer director de la Banda Municipal de Val\u00e8ncia, en el 150 aniversari del seu naixement. Va comptar a m\u00e9s amb la participaci\u00f3 de D. Marcial Garc\u00eda Ballesteros, president de la ASREMUS, qui es va encarregar, al costat de nostra m\u00fasic Beatriz Gil, de la presentaci\u00f3 de l&#8217;acte.<\/p>\n\n\n\n<p>Un concert emmarcat en el programa d&#8217;ajudes Excel\u2022lent a les societats musicals, adscrit a l&#8217;\u00e0rea de cultura de la Diputaci\u00f3 de Val\u00e8ncia, en el qual tot el p\u00fablic assistent va gaudir del treball i l&#8217;esfor\u00e7 dels nostres m\u00fasics durant els \u00faltims mesos!!<\/p>\n","protected":false},"excerpt":{"rendered":"<div class=\"mh-excerpt\">La banda simf\u00f2nica de la Societat Uni\u00f3 Musical de Y\u00e1tova va oferir un animat concert dissabte passat al pati del col\u00b7legi Pintor Sorolla, com tantes vegades va fer antigament, amb el qual va homenatjar la <a class=\"mh-excerpt-more\" href=\"https:\/\/www.tucomarca.com\/wordpress\/segunda\/ca\/lunio-musical-de-iatova-homenatja-en-un-concert-a-santiago-lope-gonzalo-primer-director-de-la-banda-municipal-de-valencia\/\" title=\"La Uni\u00f3 Musical de I\u00e0tova homenatja en un concert a Santiago Lope Gonzalo, primer director de la Banda Municipal de Val\u00e8ncia\">[+] <\/a><\/div>\n","protected":false},"author":12,"featured_media":136017,"comment_status":"open","ping_status":"open","sticky":false,"template":"","format":"standard","meta":{"footnotes":""},"categories":[11005,10980,10894,10912,11007,10896],"tags":[10914,11141],"class_list":{"0":"post-136025","1":"post","2":"type-post","3":"status-publish","4":"format-standard","5":"has-post-thumbnail","7":"category-canal-musica","8":"category-yatova-ca","9":"category-la-comarca-ca","10":"category-la-hoya-ca","11":"category-ocio-y-cultura-ca","12":"category-seccion-ca","13":"tag-la-hoya-de-bunol-chiva-ca","14":"tag-yatova-ca"},"_links":{"self":[{"href":"https:\/\/www.tucomarca.com\/wordpress\/segunda\/ca\/wp-json\/wp\/v2\/posts\/136025","targetHints":{"allow":["GET"]}}],"collection":[{"href":"https:\/\/www.tucomarca.com\/wordpress\/segunda\/ca\/wp-json\/wp\/v2\/posts"}],"about":[{"href":"https:\/\/www.tucomarca.com\/wordpress\/segunda\/ca\/wp-json\/wp\/v2\/types\/post"}],"author":[{"embeddable":true,"href":"https:\/\/www.tucomarca.com\/wordpress\/segunda\/ca\/wp-json\/wp\/v2\/users\/12"}],"replies":[{"embeddable":true,"href":"https:\/\/www.tucomarca.com\/wordpress\/segunda\/ca\/wp-json\/wp\/v2\/comments?post=136025"}],"version-history":[{"count":0,"href":"https:\/\/www.tucomarca.com\/wordpress\/segunda\/ca\/wp-json\/wp\/v2\/posts\/136025\/revisions"}],"wp:featuredmedia":[{"embeddable":true,"href":"https:\/\/www.tucomarca.com\/wordpress\/segunda\/ca\/wp-json\/wp\/v2\/media\/136017"}],"wp:attachment":[{"href":"https:\/\/www.tucomarca.com\/wordpress\/segunda\/ca\/wp-json\/wp\/v2\/media?parent=136025"}],"wp:term":[{"taxonomy":"category","embeddable":true,"href":"https:\/\/www.tucomarca.com\/wordpress\/segunda\/ca\/wp-json\/wp\/v2\/categories?post=136025"},{"taxonomy":"post_tag","embeddable":true,"href":"https:\/\/www.tucomarca.com\/wordpress\/segunda\/ca\/wp-json\/wp\/v2\/tags?post=136025"}],"curies":[{"name":"wp","href":"https:\/\/api.w.org\/{rel}","templated":true}]}}