{"id":136316,"date":"2021-06-27T18:00:00","date_gmt":"2021-06-27T17:00:00","guid":{"rendered":"http:\/\/www.tucomarca.com\/wordpress\/segunda\/?p=136316"},"modified":"2021-06-28T22:08:33","modified_gmt":"2021-06-28T21:08:33","slug":"la-comunitat-valenciana-registra-373-casos-de-contagis-per-coronavirus","status":"publish","type":"post","link":"https:\/\/www.tucomarca.com\/wordpress\/segunda\/ca\/la-comunitat-valenciana-registra-373-casos-de-contagis-per-coronavirus\/","title":{"rendered":"La Comunitat Valenciana registra 373 casos de contagis per coronavirus"},"content":{"rendered":"\n<p>Barcel\u00f3 demana prud\u00e8ncia davant la modificaci\u00f3 de la normativa sobre l&#8217;\u00fas de les marcaretes<\/p>\n\n\n\n<p>La Comunitat Valenciana ha registrat un total de 373 casos nous de coronavirus confirmats per prova PCR o a trav\u00e9s de test d&#8217;ant\u00edgens des de l&#8217;\u00faltima actualitzaci\u00f3.<\/p>\n\n\n\n<p>Del total de nous casos, 265 s&#8217;han registrat a la prov\u00edncia de Val\u00e8ncia, 21 en la de Castell\u00f3 i 87 a la prov\u00edncia d&#8217;Alacant. D&#8217;aquesta manera, la Comunitat Valenciana acumula un total de 399.997 positius, dels quals 41.400 a la prov\u00edncia de Castell\u00f3, 149.356 a Alacant i 209.240 a la prov\u00edncia de Val\u00e8ncia.<\/p>\n\n\n\n<p>A m\u00e9s, cal assenyalar que del total de nous casos, m\u00e9s d&#8217;un centenar corresponen a joves que han tornat a la Comunitat Valenciana despr\u00e9s de participar en viatges de fi d&#8217;estudis en altres comunitats aut\u00f2nomes. Els equips de Salut P\u00fablica valencians continuen investigant aquests brots, aix\u00ed com realitzant el seguiment de contactes.<\/p>\n\n\n\n<p>Davant l&#8217;increment de casos registrats i la modificaci\u00f3 de la normativa sobre l&#8217;\u00fas de les m\u00e0scares, la consellera Ana Barcel\u00f3 ha realitzat una crida a la ciutadania a mantindre la calma i la prud\u00e8ncia per a evitar l&#8217;increment en els contagis.<\/p>\n\n\n\n<p><\/p>\n","protected":false},"excerpt":{"rendered":"<div class=\"mh-excerpt\">Barcel\u00f3 demana prud\u00e8ncia davant la modificaci\u00f3 de la normativa sobre l&#8217;\u00fas de les marcaretes La Comunitat Valenciana ha registrat un total de 373 casos nous de coronavirus confirmats per prova PCR o a trav\u00e9s de <a class=\"mh-excerpt-more\" href=\"https:\/\/www.tucomarca.com\/wordpress\/segunda\/ca\/la-comunitat-valenciana-registra-373-casos-de-contagis-per-coronavirus\/\" title=\"La Comunitat Valenciana registra 373 casos de contagis per coronavirus\">[+] <\/a><\/div>\n","protected":false},"author":12,"featured_media":108110,"comment_status":"open","ping_status":"open","sticky":false,"template":"","format":"standard","meta":{"footnotes":""},"categories":[11010,12202,10898,10948,10894,10904,10903,10947,10896,10897],"tags":[13529,12165,11939,11940,13477,12161],"class_list":{"0":"post-136316","1":"post","2":"type-post","3":"status-publish","4":"format-standard","5":"has-post-thumbnail","7":"category-canal-salud","8":"category-covid-19-ca","9":"category-ventana-ca","10":"category-infraestructuras-ca","11":"category-la-comarca-ca","12":"category-sin-categorizar-ca","13":"category-medio-ambiente-la-comarca-ca","14":"category-politica","15":"category-seccion-ca","16":"category-sucesos-la-comarca-ca","17":"tag-brotes-ca","18":"tag-conselleria-de-sanitat-ca","19":"tag-coronavirus-ca","20":"tag-covid-19-ca","21":"tag-datos-de-contagios-ca","22":"tag-mascarillas-ca"},"_links":{"self":[{"href":"https:\/\/www.tucomarca.com\/wordpress\/segunda\/ca\/wp-json\/wp\/v2\/posts\/136316","targetHints":{"allow":["GET"]}}],"collection":[{"href":"https:\/\/www.tucomarca.com\/wordpress\/segunda\/ca\/wp-json\/wp\/v2\/posts"}],"about":[{"href":"https:\/\/www.tucomarca.com\/wordpress\/segunda\/ca\/wp-json\/wp\/v2\/types\/post"}],"author":[{"embeddable":true,"href":"https:\/\/www.tucomarca.com\/wordpress\/segunda\/ca\/wp-json\/wp\/v2\/users\/12"}],"replies":[{"embeddable":true,"href":"https:\/\/www.tucomarca.com\/wordpress\/segunda\/ca\/wp-json\/wp\/v2\/comments?post=136316"}],"version-history":[{"count":0,"href":"https:\/\/www.tucomarca.com\/wordpress\/segunda\/ca\/wp-json\/wp\/v2\/posts\/136316\/revisions"}],"wp:featuredmedia":[{"embeddable":true,"href":"https:\/\/www.tucomarca.com\/wordpress\/segunda\/ca\/wp-json\/wp\/v2\/media\/108110"}],"wp:attachment":[{"href":"https:\/\/www.tucomarca.com\/wordpress\/segunda\/ca\/wp-json\/wp\/v2\/media?parent=136316"}],"wp:term":[{"taxonomy":"category","embeddable":true,"href":"https:\/\/www.tucomarca.com\/wordpress\/segunda\/ca\/wp-json\/wp\/v2\/categories?post=136316"},{"taxonomy":"post_tag","embeddable":true,"href":"https:\/\/www.tucomarca.com\/wordpress\/segunda\/ca\/wp-json\/wp\/v2\/tags?post=136316"}],"curies":[{"name":"wp","href":"https:\/\/api.w.org\/{rel}","templated":true}]}}