{"id":136379,"date":"2021-06-28T17:00:00","date_gmt":"2021-06-28T16:00:00","guid":{"rendered":"http:\/\/www.tucomarca.com\/wordpress\/segunda\/?p=136379"},"modified":"2021-06-28T22:20:04","modified_gmt":"2021-06-28T21:20:04","slug":"la-comunitat-valenciana-registra-965-casos-nous-de-coronavirus-i-352-altes","status":"publish","type":"post","link":"https:\/\/www.tucomarca.com\/wordpress\/segunda\/ca\/la-comunitat-valenciana-registra-965-casos-nous-de-coronavirus-i-352-altes\/","title":{"rendered":"La Comunitat Valenciana registra 965 casos nous de coronavirus i 352 altes"},"content":{"rendered":"\n<p><strong>S&#8217;han comptabilitzat 47 nous positius a Castell\u00f3, 146 a Alacant i 772 a Val\u00e8ncia<\/strong><\/p>\n\n\n\n<p><strong>Un total de 2.508.762 persones compta ja amb una dosi de la vacuna contra el coronavirus en la Comunitat Valenciana<\/strong><\/p>\n\n\n\n<p>Un total de 2.508.762 personas cuenta ya con una dosis de la vacuna contra el coronavirus en la Comunitat Valenciana. Con la pauta completa de inmunizaci\u00f3n (dos dosis para Pfizer, Moderna y AstraZeneca; y la monodosis de Janssen) hay 1.662.991 personas. Por provincias, la distribuci\u00f3n es la siguiente: 199.504 en Castell\u00f3n, 609.047 en Alicante y 854.440 en Valencia.<\/p>\n\n\n\n<p>Adem\u00e1s, desde la \u00faltima actualizaci\u00f3n del s\u00e1bado, se han notificado 965 casos nuevos de coronavirus confirmados por prueba PCR o a trav\u00e9s de test de ant\u00edgenos desde la \u00faltima actualizaci\u00f3n, que sit\u00faan la cifra total de positivos en 400.962 personas. Por provincias, se distribuyen del siguiente modo: 47 en Castell\u00f3n (41.447 en total); 146 en Alicante (149.502 en total); y 772 en Valencia (210.012 en total); el total de casos no asignados se mantiene en 1.&nbsp;<\/p>\n\n\n\n<p>De acuerdo con los casos detectados durante las \u00faltimas 48 horas, se confirma que el 52 % de los contagios corresponden a j\u00f3venes de entre 15 y 29 a\u00f1os. En concreto, el 29 % de los positivos se sit\u00faan en edades comprendidas entre los 20 y los 29 a\u00f1os, mientras que el 23 % se localiza en la franja de edad que abarca entre los 15 y los 19 a\u00f1os. El 13 % de los casos se corresponde con personas entre los 30 y los 39 a\u00f1os, mientras que el 14 % corresponde a la franja de edad entre los 40 y los 49.<\/p>\n\n\n\n<p>&#8220;La relajaci\u00f3n de las medidas de prevenci\u00f3n va ligada al aumento de la interacci\u00f3n social en grupos mayores de personas. Es lo que est\u00e1 provocando el incremento de casos que estamos observando&#8221;, ha reiterado la subdirectora de Epidemiolog\u00eda de la Conselleria de Sanidad Universal y Salud P\u00fablica, Hermelinda Vanaclocha.&nbsp;<\/p>\n\n\n\n<p>Desde la \u00faltima actualizaci\u00f3n se han registrado 352 altas a pacientes con coronavirus. De esta forma, ya son 401.230 personas en la Comunitat Valenciana las que han superado la enfermedad desde que comenz\u00f3 la pandemia. Por provincias, las altas se distribuyen as\u00ed: 42.028 en Castell\u00f3n, 149.629 en Alicante y 209.516 en Valencia. El total de altas no asignadas se mantiene en 57.<\/p>\n\n\n\n<p>Los hospitales valencianos tienen, actualmente, 126 personas ingresadas: 12 en la provincia de Castell\u00f3n, 1 paciente en UCI; 19 en la provincia de Alicante, 3 de ellos en la UCI; y 95 en la provincia de Valencia, 10 de ellos en UCI.<\/p>\n\n\n\n<p>Por otra parte, no se han registrado decesos por coronavirus, por lo que el total de defunciones desde el inicio de la pandemia se mantiene en 7.450: 807 en la provincia de Castell\u00f3n, 2.844 en la de Alicante y 3.799 en la de Valencia.<\/p>\n\n\n\n<p>De acuerdo con los datos registrados, en estos momentos hay 3.749 casos activos, lo que supone un 0,91% del total de positivos.&nbsp;<\/p>\n\n\n\n<p>De los brotes registrados, cuatro tienen 10 o m\u00e1s casos asociados:<\/p>\n\n\n\n<p>&#8211; Utiel: 10 casos de personas de entre 4 y 71 a\u00f1os. Origen social<\/p>\n\n\n\n<p>&#8211; Val\u00e8ncia: 10 casos de personas de 17 a 23 a\u00f1os. Origen social<\/p>\n\n\n\n<p>&#8211; La Pobla de Vallbona: 21 casos de personas de 9 a 50 a\u00f1os. \u00c1mbito educativo<\/p>\n\n\n\n<p>&#8211; B\u00e9tera: 31 casos de personas de entre 16 y 17 a\u00f1os. \u00c1mbito social<\/p>\n","protected":false},"excerpt":{"rendered":"<div class=\"mh-excerpt\">S&#8217;han comptabilitzat 47 nous positius a Castell\u00f3, 146 a Alacant i 772 a Val\u00e8ncia Un total de 2.508.762 persones compta ja amb una dosi de la vacuna contra el coronavirus en la Comunitat Valenciana Un <a class=\"mh-excerpt-more\" href=\"https:\/\/www.tucomarca.com\/wordpress\/segunda\/ca\/la-comunitat-valenciana-registra-965-casos-nous-de-coronavirus-i-352-altes\/\" title=\"La Comunitat Valenciana registra 965 casos nous de coronavirus i 352 altes\">[+] <\/a><\/div>\n","protected":false},"author":1,"featured_media":123709,"comment_status":"open","ping_status":"open","sticky":false,"template":"","format":"standard","meta":{"footnotes":""},"categories":[11010,12202,10898,10948,10894,10904,10903,10947,10896,10897],"tags":[11939,11940,11199,13932],"class_list":{"0":"post-136379","1":"post","2":"type-post","3":"status-publish","4":"format-standard","5":"has-post-thumbnail","7":"category-canal-salud","8":"category-covid-19-ca","9":"category-ventana-ca","10":"category-infraestructuras-ca","11":"category-la-comarca-ca","12":"category-sin-categorizar-ca","13":"category-medio-ambiente-la-comarca-ca","14":"category-politica","15":"category-seccion-ca","16":"category-sucesos-la-comarca-ca","17":"tag-coronavirus-ca","18":"tag-covid-19-ca","19":"tag-la-comunitat-ca","20":"tag-vacunas-ca"},"_links":{"self":[{"href":"https:\/\/www.tucomarca.com\/wordpress\/segunda\/ca\/wp-json\/wp\/v2\/posts\/136379","targetHints":{"allow":["GET"]}}],"collection":[{"href":"https:\/\/www.tucomarca.com\/wordpress\/segunda\/ca\/wp-json\/wp\/v2\/posts"}],"about":[{"href":"https:\/\/www.tucomarca.com\/wordpress\/segunda\/ca\/wp-json\/wp\/v2\/types\/post"}],"author":[{"embeddable":true,"href":"https:\/\/www.tucomarca.com\/wordpress\/segunda\/ca\/wp-json\/wp\/v2\/users\/1"}],"replies":[{"embeddable":true,"href":"https:\/\/www.tucomarca.com\/wordpress\/segunda\/ca\/wp-json\/wp\/v2\/comments?post=136379"}],"version-history":[{"count":0,"href":"https:\/\/www.tucomarca.com\/wordpress\/segunda\/ca\/wp-json\/wp\/v2\/posts\/136379\/revisions"}],"wp:featuredmedia":[{"embeddable":true,"href":"https:\/\/www.tucomarca.com\/wordpress\/segunda\/ca\/wp-json\/wp\/v2\/media\/123709"}],"wp:attachment":[{"href":"https:\/\/www.tucomarca.com\/wordpress\/segunda\/ca\/wp-json\/wp\/v2\/media?parent=136379"}],"wp:term":[{"taxonomy":"category","embeddable":true,"href":"https:\/\/www.tucomarca.com\/wordpress\/segunda\/ca\/wp-json\/wp\/v2\/categories?post=136379"},{"taxonomy":"post_tag","embeddable":true,"href":"https:\/\/www.tucomarca.com\/wordpress\/segunda\/ca\/wp-json\/wp\/v2\/tags?post=136379"}],"curies":[{"name":"wp","href":"https:\/\/api.w.org\/{rel}","templated":true}]}}