{"id":136431,"date":"2021-06-29T09:05:00","date_gmt":"2021-06-29T08:05:00","guid":{"rendered":"http:\/\/www.tucomarca.com\/wordpress\/segunda\/?p=136431"},"modified":"2021-06-30T07:47:55","modified_gmt":"2021-06-30T06:47:55","slug":"les-i-jornades-sobre-microcellers-destaquen-el-paper-dels-cellers-artesanals-en-la-transformacio-agroecologica-i-el-rejoveniment-del-sector","status":"publish","type":"post","link":"https:\/\/www.tucomarca.com\/wordpress\/segunda\/ca\/les-i-jornades-sobre-microcellers-destaquen-el-paper-dels-cellers-artesanals-en-la-transformacio-agroecologica-i-el-rejoveniment-del-sector\/","title":{"rendered":"Les I Jornades sobre microcellers destaquen el paper dels cellers artesanals en la transformaci\u00f3 agroecol\u00f2gica i el rejoveniment del sector"},"content":{"rendered":"\n<h4 class=\"wp-block-heading\">Es duran a terme a l&#8217;Escola de Viticultura i Enologia de Requena els dies 7 i 8 de juliol<\/h4>\n\n\n\n<p>La vitivinicultura realitzada a petita escala s&#8217;obri cam\u00ed com a resposta als desafiaments que travessa el sector. L&#8217;excedent vitivin\u00edcola, les dificultats per a obtindre un preu just, els obstacles per a accedir a l&#8217;activitat o els impactes del canvi clim\u00e0tic dificulten, entre altres factors, el rejoveniment del sector.<\/p>\n\n\n\n<p>En aquest context, els microcellers s&#8217;estan estenent com un model que tracta d&#8217;adaptar-se al context incorporant nous valors agroecol\u00f2gics tant en el cultiu com en l&#8217;elaboraci\u00f3 dels caldos. El resultat s\u00f3n xicotetes produccions de vins diversos amb un alt valor a\u00f1adido.es per tot aix\u00f2 que la Coordinadora Llauradora del Pa\u00eds Valenci\u00e0-COAG (CCPV-COAG) organitza les \u201cI Jornades sobre microcellers\u201d, amb l&#8217;objectiu d&#8217;impulsar aquest nou model vitivin\u00edcola, incentivar la incorporaci\u00f3 de joves al sector i el relleu generacional, aix\u00ed com visibilitzar alternatives agroecol\u00f2giques i els problemes de les dones dins del m\u00f3n rural.<\/p>\n\n\n\n<p>Igual que en altres territoris d&#8217;Europa com Fran\u00e7a o It\u00e0lia, els xicotets cellers artesanals constitueixen en l&#8217;actualitat motors d&#8217;una nova economia social i sostenible que no sols mant\u00e9 tradicions agr\u00edcoles i recupera biodiversitat agr\u00edcola, sin\u00f3 que tamb\u00e9 contribueix a fixar poblaci\u00f3 i rejovenir el camp.<\/p>\n\n\n\n<p>En aquest context, destaquem el lideratge assumit per les dones emprenedores en un nombre significatiu de microcellers. Exemple d&#8217;innovaci\u00f3, creativitat, sostenibilitat i energia que ofereix noves alternatives enfront de la crisi de l&#8217;agricultura.Les jornades, que es duran a terme de manera presencial a l&#8217;Escola de Viticultura y Enolog\u00eda de Requena i per streaming el 7 i 8 de juliol, s\u00f3n gratu\u00eftes i estan obertes (pr\u00e8via inscripci\u00f3) a la participaci\u00f3 de qualsevol persona interessada en la mat\u00e8ria, amb especial recalcament en els professionals del sector vitivin\u00edcola i estudiants d&#8217;enologia.<\/p>\n\n\n\n<p>Es desenvoluparan a trav\u00e9s de diferents taules redones, debats i tallers, organitzats en el quatre blocs: context, pol\u00edtiques i alternatives; com muntar un microceller (aspectes a tindre en compte: economia, legislaci\u00f3, ajudes, tr\u00e0mits i gesti\u00f3, m\u00e0rqueting\u2026); experi\u00e8ncies de microcellers en el nostre territori; i una fira-demostraci\u00f3 de vins, que tancar\u00e0 la trobada al final del segon dia.<\/p>\n\n\n\n<p>Es tracta de la primera mostra d&#8217;aquestes caracter\u00edstiques i reunir\u00e0 una selecci\u00f3 de microcellers i cellers artesanals compromesos amb els seus territoris que estan apostant per la sostenibilitat i l&#8217;ecologia, com a Cellers Pigar (Requena), BodegaCueva (Requena), Celler Tom\u00e0s Torres (Carr\u00edcola), Celler Els Foes (Les Coves de Vinrom\u00e0), La Zafra (Mon\u00f2ver), Celler Mar de Vins (La N\u00facia), Celler Ferrer-Gallego (Jaraguas), Cellers Sent\u00e8ncia (Requena), Vins i Sabors Ecol\u00f2gics (Requena), Cellers Pasiego (Requena), Celler El Pinaret (Ca\u00f1ada) o Celler L&#8217;Alzina (Villena).<\/p>\n\n\n\n<p>Per a CCPV-COAG \u00e9s important destacar que les jornades compten amb una participaci\u00f3 molt plural, mostrant els punts de vista de tots els agents implicats: productores i productors, distribuci\u00f3 especialitzada, administraci\u00f3 p\u00fablica, canal Horeca, universitats, escoles, i estudiants, aix\u00ed com el seu car\u00e0cter formatiu. L&#8217;objectiu \u00e9s que els qui assistisquen isquen amb una idea molt clara dels passos a seguir per a la posada en marxa d&#8217;un projecte de microceller, coneguen les possibles fonts de finan\u00e7ament i ajudes existents, i puguen connectar amb altres persones i ampliar la seua xarxa de contactes.&nbsp;<br>L&#8217;esdeveniment compta amb la col\u00b7laboraci\u00f3 de l&#8217;Escola de Viticultura i Enologia de Requena, l&#8217;Ajuntament de Requena, la Diputaci\u00f3 de Val\u00e8ncia i PROAVA.<\/p>\n\n\n\n<p>Les inscripcions poden realitzar-se ja a trav\u00e9s de la web de CCPV-COAG.<\/p>\n","protected":false},"excerpt":{"rendered":"<div class=\"mh-excerpt\">Es duran a terme a l&#8217;Escola de Viticultura i Enologia de Requena els dies 7 i 8 de juliol La vitivinicultura realitzada a petita escala s&#8217;obri cam\u00ed com a resposta als desafiaments que travessa el <a class=\"mh-excerpt-more\" href=\"https:\/\/www.tucomarca.com\/wordpress\/segunda\/ca\/les-i-jornades-sobre-microcellers-destaquen-el-paper-dels-cellers-artesanals-en-la-transformacio-agroecologica-i-el-rejoveniment-del-sector\/\" title=\"Les I Jornades sobre microcellers destaquen el paper dels cellers artesanals en la transformaci\u00f3 agroecol\u00f2gica i el rejoveniment del sector\">[+] <\/a><\/div>\n","protected":false},"author":12,"featured_media":136430,"comment_status":"open","ping_status":"open","sticky":false,"template":"","format":"standard","meta":{"footnotes":""},"categories":[11019,10905,11006,10948,10894,10903,10908,10909,10896],"tags":[12747,14980,14981,11099],"class_list":{"0":"post-136431","1":"post","2":"type-post","3":"status-publish","4":"format-standard","5":"has-post-thumbnail","7":"category-agenda-ca","8":"category-agricultura-la-comarca-ca","9":"category-canal-vinos","10":"category-infraestructuras-ca","11":"category-la-comarca-ca","12":"category-medio-ambiente-la-comarca-ca","13":"category-requena-ca","14":"category-requena-utiel-ca","15":"category-seccion-ca","16":"tag-do-utiel-requena-ca","17":"tag-escuela-de-viticultura-y-enologia-ca","18":"tag-microbodegas-ca","19":"tag-requena-ca"},"_links":{"self":[{"href":"https:\/\/www.tucomarca.com\/wordpress\/segunda\/ca\/wp-json\/wp\/v2\/posts\/136431","targetHints":{"allow":["GET"]}}],"collection":[{"href":"https:\/\/www.tucomarca.com\/wordpress\/segunda\/ca\/wp-json\/wp\/v2\/posts"}],"about":[{"href":"https:\/\/www.tucomarca.com\/wordpress\/segunda\/ca\/wp-json\/wp\/v2\/types\/post"}],"author":[{"embeddable":true,"href":"https:\/\/www.tucomarca.com\/wordpress\/segunda\/ca\/wp-json\/wp\/v2\/users\/12"}],"replies":[{"embeddable":true,"href":"https:\/\/www.tucomarca.com\/wordpress\/segunda\/ca\/wp-json\/wp\/v2\/comments?post=136431"}],"version-history":[{"count":0,"href":"https:\/\/www.tucomarca.com\/wordpress\/segunda\/ca\/wp-json\/wp\/v2\/posts\/136431\/revisions"}],"wp:featuredmedia":[{"embeddable":true,"href":"https:\/\/www.tucomarca.com\/wordpress\/segunda\/ca\/wp-json\/wp\/v2\/media\/136430"}],"wp:attachment":[{"href":"https:\/\/www.tucomarca.com\/wordpress\/segunda\/ca\/wp-json\/wp\/v2\/media?parent=136431"}],"wp:term":[{"taxonomy":"category","embeddable":true,"href":"https:\/\/www.tucomarca.com\/wordpress\/segunda\/ca\/wp-json\/wp\/v2\/categories?post=136431"},{"taxonomy":"post_tag","embeddable":true,"href":"https:\/\/www.tucomarca.com\/wordpress\/segunda\/ca\/wp-json\/wp\/v2\/tags?post=136431"}],"curies":[{"name":"wp","href":"https:\/\/api.w.org\/{rel}","templated":true}]}}