{"id":136503,"date":"2021-06-30T13:28:00","date_gmt":"2021-06-30T12:28:00","guid":{"rendered":"http:\/\/www.tucomarca.com\/wordpress\/segunda\/?p=136503"},"modified":"2021-06-30T15:16:08","modified_gmt":"2021-06-30T14:16:08","slug":"cheste-ja-te-reina-de-la-verema-per-a-les-proximes-festes-doctubre-en-honor-a-sant-lluc","status":"publish","type":"post","link":"https:\/\/www.tucomarca.com\/wordpress\/segunda\/ca\/cheste-ja-te-reina-de-la-verema-per-a-les-proximes-festes-doctubre-en-honor-a-sant-lluc\/","title":{"rendered":"Cheste ja t\u00e9 Reina de la Verema per a les pr\u00f2ximes festes d&#8217;octubre en honor a Sant Lluc"},"content":{"rendered":"\n<p>Ahir, dimarts 29 de juny, Cheste va proclamar a Ruth Ortiz S\u00e1nchez com a Reina de la XLVII Festa de la Verema. Aquesta jove chestana es va oferir de manera volunt\u00e0ria a ocupar el c\u00e0rrec en l&#8217;edici\u00f3 2021 de les festes patronals que, previsiblement, se celebraran a l&#8217;octubre.<\/p>\n\n\n\n<p>\u201cCom sempre, la Reina de les festes i la seua cort, formada per 30 xics i xiques, es presentar\u00e0 oficialment en l&#8217;acte de la Presentaci\u00f3 que, com a novetat enguany, i per motius de seguretat i protocol *Covid, es realitzar\u00e0 a l&#8217;aire lliure\u201d, ha declarat el regidor de Festes, Ra\u00fal Mota.<\/p>\n\n\n\n<p>Tal com ha explicat el regidor, la intenci\u00f3 de l&#8217;Ajuntament \u00e9s poder organitzar unes festes a l&#8217;estil tradicional per\u00f2 adaptades a la normativa del moment. \u201cIntentarem programar les activitats festives evitant que es produ\u00efsquen aglomeracions de gent i preferiblement en espais oberts. D&#8217;igual forma, les revetles es realitzaran sempre que siga possible fer-ho i complint amb les recomanacions sanit\u00e0ries\u201d, ha matisat.<\/p>\n","protected":false},"excerpt":{"rendered":"<div class=\"mh-excerpt\">Ahir, dimarts 29 de juny, Cheste va proclamar a Ruth Ortiz S\u00e1nchez com a Reina de la XLVII Festa de la Verema. Aquesta jove chestana es va oferir de manera volunt\u00e0ria a ocupar el c\u00e0rrec <a class=\"mh-excerpt-more\" href=\"https:\/\/www.tucomarca.com\/wordpress\/segunda\/ca\/cheste-ja-te-reina-de-la-verema-per-a-les-proximes-festes-doctubre-en-honor-a-sant-lluc\/\" title=\"Cheste ja t\u00e9 Reina de la Verema per a les pr\u00f2ximes festes d&#8217;octubre en honor a Sant Lluc\">[+] <\/a><\/div>\n","protected":false},"author":12,"featured_media":136501,"comment_status":"open","ping_status":"open","sticky":false,"template":"","format":"standard","meta":{"footnotes":""},"categories":[10912,11007,10896,10974],"tags":[11071,10914,11160],"class_list":{"0":"post-136503","1":"post","2":"type-post","3":"status-publish","4":"format-standard","5":"has-post-thumbnail","7":"category-la-hoya-ca","8":"category-ocio-y-cultura-ca","9":"category-seccion-ca","10":"category-cheste-ca","11":"tag-cheste","12":"tag-la-hoya-de-bunol-chiva-ca","13":"tag-reina-de-las-fiestas-ca"},"_links":{"self":[{"href":"https:\/\/www.tucomarca.com\/wordpress\/segunda\/ca\/wp-json\/wp\/v2\/posts\/136503","targetHints":{"allow":["GET"]}}],"collection":[{"href":"https:\/\/www.tucomarca.com\/wordpress\/segunda\/ca\/wp-json\/wp\/v2\/posts"}],"about":[{"href":"https:\/\/www.tucomarca.com\/wordpress\/segunda\/ca\/wp-json\/wp\/v2\/types\/post"}],"author":[{"embeddable":true,"href":"https:\/\/www.tucomarca.com\/wordpress\/segunda\/ca\/wp-json\/wp\/v2\/users\/12"}],"replies":[{"embeddable":true,"href":"https:\/\/www.tucomarca.com\/wordpress\/segunda\/ca\/wp-json\/wp\/v2\/comments?post=136503"}],"version-history":[{"count":0,"href":"https:\/\/www.tucomarca.com\/wordpress\/segunda\/ca\/wp-json\/wp\/v2\/posts\/136503\/revisions"}],"wp:featuredmedia":[{"embeddable":true,"href":"https:\/\/www.tucomarca.com\/wordpress\/segunda\/ca\/wp-json\/wp\/v2\/media\/136501"}],"wp:attachment":[{"href":"https:\/\/www.tucomarca.com\/wordpress\/segunda\/ca\/wp-json\/wp\/v2\/media?parent=136503"}],"wp:term":[{"taxonomy":"category","embeddable":true,"href":"https:\/\/www.tucomarca.com\/wordpress\/segunda\/ca\/wp-json\/wp\/v2\/categories?post=136503"},{"taxonomy":"post_tag","embeddable":true,"href":"https:\/\/www.tucomarca.com\/wordpress\/segunda\/ca\/wp-json\/wp\/v2\/tags?post=136503"}],"curies":[{"name":"wp","href":"https:\/\/api.w.org\/{rel}","templated":true}]}}