{"id":136511,"date":"2021-06-30T15:07:03","date_gmt":"2021-06-30T14:07:03","guid":{"rendered":"http:\/\/www.tucomarca.com\/wordpress\/segunda\/?p=136511"},"modified":"2021-06-30T15:09:05","modified_gmt":"2021-06-30T14:09:05","slug":"el-ayuntamiento-de-cheste-instala-un-nuevo-cargador-para-vehiculos-electricos-municipales-a-traves-de-una-subvencion-de-diputacion","status":"publish","type":"post","link":"https:\/\/www.tucomarca.com\/wordpress\/segunda\/ca\/el-ayuntamiento-de-cheste-instala-un-nuevo-cargador-para-vehiculos-electricos-municipales-a-traves-de-una-subvencion-de-diputacion\/","title":{"rendered":"L&#8217;Ajuntament de Cheste instal\u00b7la un nou carregador per a vehicles el\u00e8ctrics municipals a trav\u00e9s d&#8217;una subvenci\u00f3 de Diputaci\u00f3"},"content":{"rendered":"\n<p>Recentment l&#8217;Ajuntament ha instal\u00b7lat un nou punt de c\u00e0rrega per a vehicles el\u00e8ctrics municipals, gr\u00e0cies a una subvenci\u00f3 de Diputaci\u00f3, dotada de 1.708 euros.&nbsp;<\/p>\n\n\n\n<p>El nou carregador est\u00e0 instal\u00b7lat en la part del magatzem de la brigada destinada als t\u00e8cnics electricistes. \u201cD&#8217;aquesta manera podrem anar incorporant cotxes el\u00e8ctrics per a la brigada\u201d, apunta el regidor de Medi Ambient, David Pujals. \u201cA m\u00e9s d&#8217;aquest carregador, tamb\u00e9 s&#8217;han adquirit una sopladora i motoserres el\u00e8ctriques que no emeten gasos a l&#8217;atmosfera i redueixen la contaminaci\u00f3 ac\u00fastica\u201d.<\/p>\n\n\n\n<p>D&#8217;altra banda, la Diputaci\u00f3 ha concedit una subvenci\u00f3 per a adquirir una furgoneta el\u00e8ctrica per a usos municipals. \u201cEstem iniciant el cam\u00ed per a fer canvis progressius seguint l&#8217;objectiu de reduir les emissions de CO\u2082 i amb una aposta per la sostenibilitat i l&#8217;ecologia\u201d, explica el regidor de Serveis, Jos\u00e9 Vicente Guijarro. \u201cAl mateix temps estem treballant per a desenvolupar projectes d&#8217;enlla\u00e7os de carrils-bici amb el pol\u00edgon Castella i amb Chiva, aix\u00ed com projectes per a continuar amb la modificaci\u00f3 dels carrers del municipi de manera que s&#8217;adapten a la mobilitat de les persones, regenerant la xarxa d&#8217;aigua potable i de clavegueram; encara que es tracta d&#8217;un proc\u00e9s lent perqu\u00e8 les inversions s\u00f3n grans\u201d.<\/p>\n\n\n\n<p>En la mateixa l\u00ednia, Pujals ha destacat la import\u00e0ncia de prioritzar la cura del Medi Ambient i realitzar inversions sostenibles \u201cper a a poc a poc implementar tots els objectius de l&#8217;Agenda 2030 als carrers i llars de Cheste\u201d.<\/p>\n","protected":false},"excerpt":{"rendered":"<div class=\"mh-excerpt\">Recentment l&#8217;Ajuntament ha instal\u00b7lat un nou punt de c\u00e0rrega per a vehicles el\u00e8ctrics municipals, gr\u00e0cies a una subvenci\u00f3 de Diputaci\u00f3, dotada de 1.708 euros.&nbsp; El nou carregador est\u00e0 instal\u00b7lat en la part del magatzem de <a class=\"mh-excerpt-more\" href=\"https:\/\/www.tucomarca.com\/wordpress\/segunda\/ca\/el-ayuntamiento-de-cheste-instala-un-nuevo-cargador-para-vehiculos-electricos-municipales-a-traves-de-una-subvencion-de-diputacion\/\" title=\"L&#8217;Ajuntament de Cheste instal\u00b7la un nou carregador per a vehicles el\u00e8ctrics municipals a trav\u00e9s d&#8217;una subvenci\u00f3 de Diputaci\u00f3\">[+] <\/a><\/div>\n","protected":false},"author":12,"featured_media":136509,"comment_status":"open","ping_status":"open","sticky":false,"template":"","format":"standard","meta":{"footnotes":""},"categories":[10894,10912,10903,10896,10974],"tags":[11071,10914],"class_list":{"0":"post-136511","1":"post","2":"type-post","3":"status-publish","4":"format-standard","5":"has-post-thumbnail","7":"category-la-comarca-ca","8":"category-la-hoya-ca","9":"category-medio-ambiente-la-comarca-ca","10":"category-seccion-ca","11":"category-cheste-ca","12":"tag-cheste","13":"tag-la-hoya-de-bunol-chiva-ca"},"_links":{"self":[{"href":"https:\/\/www.tucomarca.com\/wordpress\/segunda\/ca\/wp-json\/wp\/v2\/posts\/136511","targetHints":{"allow":["GET"]}}],"collection":[{"href":"https:\/\/www.tucomarca.com\/wordpress\/segunda\/ca\/wp-json\/wp\/v2\/posts"}],"about":[{"href":"https:\/\/www.tucomarca.com\/wordpress\/segunda\/ca\/wp-json\/wp\/v2\/types\/post"}],"author":[{"embeddable":true,"href":"https:\/\/www.tucomarca.com\/wordpress\/segunda\/ca\/wp-json\/wp\/v2\/users\/12"}],"replies":[{"embeddable":true,"href":"https:\/\/www.tucomarca.com\/wordpress\/segunda\/ca\/wp-json\/wp\/v2\/comments?post=136511"}],"version-history":[{"count":0,"href":"https:\/\/www.tucomarca.com\/wordpress\/segunda\/ca\/wp-json\/wp\/v2\/posts\/136511\/revisions"}],"wp:featuredmedia":[{"embeddable":true,"href":"https:\/\/www.tucomarca.com\/wordpress\/segunda\/ca\/wp-json\/wp\/v2\/media\/136509"}],"wp:attachment":[{"href":"https:\/\/www.tucomarca.com\/wordpress\/segunda\/ca\/wp-json\/wp\/v2\/media?parent=136511"}],"wp:term":[{"taxonomy":"category","embeddable":true,"href":"https:\/\/www.tucomarca.com\/wordpress\/segunda\/ca\/wp-json\/wp\/v2\/categories?post=136511"},{"taxonomy":"post_tag","embeddable":true,"href":"https:\/\/www.tucomarca.com\/wordpress\/segunda\/ca\/wp-json\/wp\/v2\/tags?post=136511"}],"curies":[{"name":"wp","href":"https:\/\/api.w.org\/{rel}","templated":true}]}}