{"id":136577,"date":"2021-06-30T18:18:00","date_gmt":"2021-06-30T17:18:00","guid":{"rendered":"http:\/\/www.tucomarca.com\/wordpress\/segunda\/?p=136577"},"modified":"2021-07-01T19:43:27","modified_gmt":"2021-07-01T18:43:27","slug":"la-comunitat-valenciana-registra-934-casos-nous-de-coronavirus-una-defuncio-i-209-altes","status":"publish","type":"post","link":"https:\/\/www.tucomarca.com\/wordpress\/segunda\/ca\/la-comunitat-valenciana-registra-934-casos-nous-de-coronavirus-una-defuncio-i-209-altes\/","title":{"rendered":"La Comunitat Valenciana registra 934 casos nous de coronavirus, una defunci\u00f3 i 209 altes"},"content":{"rendered":"\n<h4 class=\"wp-block-heading\">Barcel\u00f3: &#8220;Estem accelerant molt el proc\u00e9s de vacunaci\u00f3, per\u00f2 aquest \u00e9s un repte col\u00b7lectiu i cal mantindre la prud\u00e8ncia i responsabilitat&#8221;<\/h4>\n\n\n\n<h4 class=\"wp-block-heading\">El 40,18% de la poblaci\u00f3 diana compta ja amb la pauta completa de la vacuna contra el coronavirus en la Comunitat Valenciana<\/h4>\n\n\n\n<p>Un total de 2.556.196 persones compta ja amb una dosi de la vacuna contra el coronavirus en la Comunitat Valenciana. Amb la pauta completa d&#8217;immunitzaci\u00f3 (dues dosis per a Pfizer, Moderna i AstraZeneca; i la monodosis de Janssen) hi ha 1.803.470 persones. Per prov\u00edncies: 211.582 a Castell\u00f3, 664.893 a Alacant i 926.995 a Val\u00e8ncia. Aquesta xifra de persones amb la pauta \u00f2ptima d&#8217;immunitzaci\u00f3 representa el 40,18% del total de la poblaci\u00f3 diana.<\/p>\n\n\n\n<p>A m\u00e9s, s&#8217;han notificat 934 casos nous de coronavirus confirmats per prova PCR o a trav\u00e9s de test d&#8217;ant\u00edgens des de l&#8217;\u00faltima actualitzaci\u00f3, que situen la xifra total de positius en 402.514 persones. Per prov\u00edncies, s&#8217;han registrat 58 a Castell\u00f3 (41.558 en total); 143 a Alacant (149.781 en total); i 733 a Val\u00e8ncia (211.174 en total); el total de casos no assignats es mant\u00e9 en 1.<\/p>\n\n\n\n<p>El repunt en la xifra de contagis, de moment, no s&#8217;est\u00e0 traduint en una major pressi\u00f3 hospital\u00e0ria per\u00f2 s\u00ed que es &#8220;est\u00e0 seguint molt de prop&#8221;, en paraules de la consellera de Sanitat Universal i Salut P\u00fablica, Ana Barcel\u00f3. &#8220;La poblaci\u00f3 m\u00e9s vulnerable s\u00f3n ara els grups d&#8217;edat m\u00e9s joves que estan pendents de rebre la vacuna contra la COVID-19. Estem accelerant molt el proc\u00e9s de vacunaci\u00f3 d&#8217;aquest grup de la poblaci\u00f3, per\u00f2 aquest \u00e9s un repte col\u00b7lectiu que hem d&#8217;afrontar amb prud\u00e8ncia i responsabilitat. Nom\u00e9s si tots remem en la mateixa direcci\u00f3, aconseguirem aconseguir prompte l&#8217;objectiu desitjat, que \u00e9s la immunitat de grup&#8221;, ha apuntat la titular de Sanitat.<\/p>\n\n\n\n<p>Des de l&#8217;\u00faltima actualitzaci\u00f3 s&#8217;han registrat 209 altes a pacients amb coronavirus. D&#8217;aquesta manera, ja s\u00f3n 401.651 persones en la Comunitat Valenciana les que han superat la malaltia des que va comen\u00e7ar la pand\u00e8mia. Per prov\u00edncies, les altes es distribueixen aix\u00ed: 42.059 a Castell\u00f3, 149.772 a Alacant i 209.755 a Val\u00e8ncia. El total d&#8217;altes no assignades ascendeix a 65.<\/p>\n\n\n\n<p>Els hospitals valencians tenen, actualment, 127 persones ingressades: 14 a la prov\u00edncia de Castell\u00f3, 1 pacient en UCI; 19 a la prov\u00edncia d&#8217;Alacant, 5 d&#8217;ells en l&#8217;UCI; i 94 a la prov\u00edncia de Val\u00e8ncia, 11 d&#8217;ells en UCI.<\/p>\n\n\n\n<p>D&#8217;altra banda, s&#8217;ha registrat 1 defunci\u00f3 per coronavirus, amb data de defunci\u00f3 en els \u00faltims 7 dies, per la qual cosa el total de decessos des de l&#8217;inici de la pand\u00e8mia ascendeix a 7.453: 807 a la prov\u00edncia de Castell\u00f3, 2.846 en la d&#8217;Alacant i 3.800 en la de Val\u00e8ncia.<\/p>\n\n\n\n<p>D&#8217;acord amb les dades registrades, en aquests moments hi ha 4.877 casos actius, la qual cosa suposa un 1,18% del total de positius.<\/p>\n\n\n\n<p>Dels brots registrats, cinc tenen m\u00e9s de 10 casos associats i tots s\u00f3n d&#8217;origen social:<\/p>\n\n\n\n<ul class=\"wp-block-list\"><li>L&#8217;Eliana: 18 casos<\/li><li>Val\u00e8ncia: 12 casos<\/li><li>Val\u00e8ncia: 13 casos<\/li><li>Alc\u00e0ntera de X\u00faquer: 11 casos<\/li><li>Benic\u00e0ssim: 40 casos<\/li><\/ul>\n\n\n\n<p>Respecte a brots anteriors, el de joves que van ser de viatge de fi d&#8217;estudis a Mallorca entre el 12 i el 18 de juny t\u00e9, en aquests moments, 102 casos de coronavirus confirmats; el de Salou, 50 casos positius i el de Lloret de Mar, 27.<\/p>\n","protected":false},"excerpt":{"rendered":"<div class=\"mh-excerpt\">Barcel\u00f3: &#8220;Estem accelerant molt el proc\u00e9s de vacunaci\u00f3, per\u00f2 aquest \u00e9s un repte col\u00b7lectiu i cal mantindre la prud\u00e8ncia i responsabilitat&#8221; El 40,18% de la poblaci\u00f3 diana compta ja amb la pauta completa de la <a class=\"mh-excerpt-more\" href=\"https:\/\/www.tucomarca.com\/wordpress\/segunda\/ca\/la-comunitat-valenciana-registra-934-casos-nous-de-coronavirus-una-defuncio-i-209-altes\/\" title=\"La Comunitat Valenciana registra 934 casos nous de coronavirus, una defunci\u00f3 i 209 altes\">[+] <\/a><\/div>\n","protected":false},"author":12,"featured_media":119483,"comment_status":"open","ping_status":"open","sticky":false,"template":"","format":"standard","meta":{"footnotes":""},"categories":[10892,11010,12202,10898,10894,10904,10893,10947,10896,10897],"tags":[12165,11939,11940,14997,13963,13932],"class_list":{"0":"post-136577","1":"post","2":"type-post","3":"status-publish","4":"format-standard","5":"has-post-thumbnail","7":"category-camp-de-turia-ca","8":"category-canal-salud","9":"category-covid-19-ca","10":"category-ventana-ca","11":"category-la-comarca-ca","12":"category-sin-categorizar-ca","13":"category-leliana-ca","14":"category-politica","15":"category-seccion-ca","16":"category-sucesos-la-comarca-ca","17":"tag-conselleria-de-sanitat-ca","18":"tag-coronavirus-ca","19":"tag-covid-19-ca","20":"tag-prudencia-ca","21":"tag-vacunacion-ca","22":"tag-vacunas-ca"},"_links":{"self":[{"href":"https:\/\/www.tucomarca.com\/wordpress\/segunda\/ca\/wp-json\/wp\/v2\/posts\/136577","targetHints":{"allow":["GET"]}}],"collection":[{"href":"https:\/\/www.tucomarca.com\/wordpress\/segunda\/ca\/wp-json\/wp\/v2\/posts"}],"about":[{"href":"https:\/\/www.tucomarca.com\/wordpress\/segunda\/ca\/wp-json\/wp\/v2\/types\/post"}],"author":[{"embeddable":true,"href":"https:\/\/www.tucomarca.com\/wordpress\/segunda\/ca\/wp-json\/wp\/v2\/users\/12"}],"replies":[{"embeddable":true,"href":"https:\/\/www.tucomarca.com\/wordpress\/segunda\/ca\/wp-json\/wp\/v2\/comments?post=136577"}],"version-history":[{"count":0,"href":"https:\/\/www.tucomarca.com\/wordpress\/segunda\/ca\/wp-json\/wp\/v2\/posts\/136577\/revisions"}],"wp:featuredmedia":[{"embeddable":true,"href":"https:\/\/www.tucomarca.com\/wordpress\/segunda\/ca\/wp-json\/wp\/v2\/media\/119483"}],"wp:attachment":[{"href":"https:\/\/www.tucomarca.com\/wordpress\/segunda\/ca\/wp-json\/wp\/v2\/media?parent=136577"}],"wp:term":[{"taxonomy":"category","embeddable":true,"href":"https:\/\/www.tucomarca.com\/wordpress\/segunda\/ca\/wp-json\/wp\/v2\/categories?post=136577"},{"taxonomy":"post_tag","embeddable":true,"href":"https:\/\/www.tucomarca.com\/wordpress\/segunda\/ca\/wp-json\/wp\/v2\/tags?post=136577"}],"curies":[{"name":"wp","href":"https:\/\/api.w.org\/{rel}","templated":true}]}}