{"id":136815,"date":"2021-07-05T17:00:00","date_gmt":"2021-07-05T16:00:00","guid":{"rendered":"http:\/\/www.tucomarca.com\/wordpress\/segunda\/?p=136815"},"modified":"2021-07-05T17:54:26","modified_gmt":"2021-07-05T16:54:26","slug":"el-cd-bunyol-renova-una-altra-temporada-mes-al-seu-capita-gonza","status":"publish","type":"post","link":"https:\/\/www.tucomarca.com\/wordpress\/segunda\/ca\/el-cd-bunyol-renova-una-altra-temporada-mes-al-seu-capita-gonza\/","title":{"rendered":"El CD Bunyol renova una altra temporada m\u00e9s al seu capit\u00e0, Gonza"},"content":{"rendered":"\n<p>&#8220;Res ens satisf\u00e0 m\u00e9s que poder comunicar la renovaci\u00f3 del nostre gran capit\u00e0 \u00abGonza\u00bb. El capi \u00e9s el fidel reflex de l&#8217;esfor\u00e7, el treball i la humilitat. Exemplar en tots els valors que el club vol transmetre. Gr\u00e0cies capi per apostar per nosaltres un any m\u00e9s!!!!&#8221;.<\/p>\n\n\n\n<p>D&#8217;aquesta manera han comunicat des del Club Esportiu Bu\u00f1ol la renovaci\u00f3 del defensa central Rub\u00e9n Gonz\u00e1lez Navarro, Gonza, el capit\u00e0 de l&#8217;equip que als seus 32 anys \u00e9s un dels pilars de l&#8217;equip en la rereguarda per la seua fiabilitat i polival\u00e8ncia i que una temporada m\u00e9s defensar\u00e0 els colors del club blanc.<\/p>\n","protected":false},"excerpt":{"rendered":"<div class=\"mh-excerpt\">&#8220;Res ens satisf\u00e0 m\u00e9s que poder comunicar la renovaci\u00f3 del nostre gran capit\u00e0 \u00abGonza\u00bb. El capi \u00e9s el fidel reflex de l&#8217;esfor\u00e7, el treball i la humilitat. Exemplar en tots els valors que el club <a class=\"mh-excerpt-more\" href=\"https:\/\/www.tucomarca.com\/wordpress\/segunda\/ca\/el-cd-bunyol-renova-una-altra-temporada-mes-al-seu-capita-gonza\/\" title=\"El CD Bunyol renova una altra temporada m\u00e9s al seu capit\u00e0, Gonza\">[+] <\/a><\/div>\n","protected":false},"author":12,"featured_media":136811,"comment_status":"open","ping_status":"open","sticky":false,"template":"","format":"standard","meta":{"footnotes":""},"categories":[10911,11015,11003,10894,10912,10896],"tags":[10913,12430,10914],"class_list":{"0":"post-136815","1":"post","2":"type-post","3":"status-publish","4":"format-standard","5":"has-post-thumbnail","7":"category-bunol-ca","8":"category-canal-futbol","9":"category-sports","10":"category-la-comarca-ca","11":"category-la-hoya-ca","12":"category-seccion-ca","13":"tag-bunol-ca","14":"tag-cd-bunol-fichajes-ca","15":"tag-la-hoya-de-bunol-chiva-ca"},"_links":{"self":[{"href":"https:\/\/www.tucomarca.com\/wordpress\/segunda\/ca\/wp-json\/wp\/v2\/posts\/136815","targetHints":{"allow":["GET"]}}],"collection":[{"href":"https:\/\/www.tucomarca.com\/wordpress\/segunda\/ca\/wp-json\/wp\/v2\/posts"}],"about":[{"href":"https:\/\/www.tucomarca.com\/wordpress\/segunda\/ca\/wp-json\/wp\/v2\/types\/post"}],"author":[{"embeddable":true,"href":"https:\/\/www.tucomarca.com\/wordpress\/segunda\/ca\/wp-json\/wp\/v2\/users\/12"}],"replies":[{"embeddable":true,"href":"https:\/\/www.tucomarca.com\/wordpress\/segunda\/ca\/wp-json\/wp\/v2\/comments?post=136815"}],"version-history":[{"count":0,"href":"https:\/\/www.tucomarca.com\/wordpress\/segunda\/ca\/wp-json\/wp\/v2\/posts\/136815\/revisions"}],"wp:featuredmedia":[{"embeddable":true,"href":"https:\/\/www.tucomarca.com\/wordpress\/segunda\/ca\/wp-json\/wp\/v2\/media\/136811"}],"wp:attachment":[{"href":"https:\/\/www.tucomarca.com\/wordpress\/segunda\/ca\/wp-json\/wp\/v2\/media?parent=136815"}],"wp:term":[{"taxonomy":"category","embeddable":true,"href":"https:\/\/www.tucomarca.com\/wordpress\/segunda\/ca\/wp-json\/wp\/v2\/categories?post=136815"},{"taxonomy":"post_tag","embeddable":true,"href":"https:\/\/www.tucomarca.com\/wordpress\/segunda\/ca\/wp-json\/wp\/v2\/tags?post=136815"}],"curies":[{"name":"wp","href":"https:\/\/api.w.org\/{rel}","templated":true}]}}