{"id":137067,"date":"2021-07-09T13:00:00","date_gmt":"2021-07-09T12:00:00","guid":{"rendered":"http:\/\/www.tucomarca.com\/wordpress\/segunda\/?p=137067"},"modified":"2021-07-09T19:12:56","modified_gmt":"2021-07-09T18:12:56","slug":"hisenda-accepta-la-cessio-de-dos-immobles-a-ademus-i-canals-per-a-destinar-los-a-centre-social-i-parc-demergencies","status":"publish","type":"post","link":"https:\/\/www.tucomarca.com\/wordpress\/segunda\/ca\/hisenda-accepta-la-cessio-de-dos-immobles-a-ademus-i-canals-per-a-destinar-los-a-centre-social-i-parc-demergencies\/","title":{"rendered":"Hisenda accepta la cessi\u00f3 de dos immobles a Adem\u00fas i Canals per a destinar-los a centre social i parc d&#8217;emerg\u00e8ncies"},"content":{"rendered":"\n<p>La Conselleria d&#8217;Hisenda i Model Econ\u00f2mic ha acceptat la cessi\u00f3 gratu\u00efta, mitjan\u00e7ant mutaci\u00f3 demanial, de dos immoble, un d&#8217;ells a Ademuz que es destinar\u00e0 a centre de dia per a persones majors i a centre ocupacional per a persones amb diversitat funcional, i un altre a Canals que es convertir\u00e0 en un parc d&#8217;emerg\u00e8ncies d&#8217;una unitat de bombers forestals.<\/p>\n\n\n\n<p>Amb aquestes cessions, el Consell segueix amb la seua pol\u00edtica d&#8217;optimitzar al m\u00e0xim el patrimoni p\u00fablic, acceptant les cessions gratu\u00eftes que es realitzen des d&#8217;altres administracions per a millorar les dotacions d&#8217;infraestructures dels municipis de la Comunitat Valenciana.<\/p>\n\n\n\n<p>Totes dues cessions es duen a terme lliure de c\u00e0rrecs, grav\u00e0mens i qualsevol altra despesa. En cas d&#8217;incompliment de les condicions de la cessi\u00f3, es procedir\u00e0 a la reversi\u00f3 immediata de l&#8217;immoble a la corresponent corporaci\u00f3 local i es donar\u00e0 de baixa l&#8217;espai de l&#8217;Inventari General de B\u00e9ns i Drets de la Generalitat.<\/p>\n\n\n\n<p>Immoble a Ademuz<\/p>\n\n\n\n<p>En el cas de la cessi\u00f3 realitzada per l&#8217;Ajuntament d&#8217;Ademuz, es tracta d&#8217;immoble situat en l&#8217;avinguda de Val\u00e8ncia n\u00famero 41 de la ciutat, que compta amb una superf\u00edcie de solar de 1.800 metres quadrats i constru\u00efda de 1.681 metres quadrats.<\/p>\n\n\n\n<p>La cessi\u00f3 es realitza per un termini de 30 anys amb la condici\u00f3 que la Generalitat destine l&#8217;immoble a centre de dia per a persones majors i centre ocupacional per a persones amb diversitat funcional.<\/p>\n\n\n\n<p>El dret d&#8217;\u00fas sobre l&#8217;immoble haur\u00e0 d&#8217;incorporar-se ara a l&#8217;Inventari General de B\u00e9ns i Drets de la Generalitat en concepte de b\u00e9 de domini p\u00fablic afecte al servei p\u00fablic social assistencial i adscrit a la Vicepresid\u00e8ncia i Conselleria d&#8217;Igualtat i Pol\u00edtiques Inclusives a qui correspon les compet\u00e8ncies demanials sobre aquest, sense perjudici d&#8217;una posterior adscripci\u00f3 al&nbsp;IVASS.<\/p>\n\n\n\n<p>Immoble a Canals<\/p>\n\n\n\n<p>Per part seua, l&#8217;immoble cedit per l&#8217;Ajuntament de Canals est\u00e0 situat en pol\u00edgon industrial de la localitat, compta amb una superf\u00edcie constru\u00efda de 355 metres quadrats, i limita al capdavant amb avinguda Va riure&nbsp;Canyoles<\/p>\n\n\n\n<p>La cessi\u00f3 realitzada per l&#8217;Ajuntament de Canals \u00e9s perqu\u00e8 la Generalitat destine l&#8217;immoble a parc d&#8217;emerg\u00e8ncies d&#8217;una unitat de bombers forestals.<\/p>\n\n\n\n<p>La cessi\u00f3 es duu a terme per un termini de quinze anys prorrogables autom\u00e0ticament per per\u00edodes de dos anys fins a un m\u00e0xim de trenta, si no \u00e9s denunciat per cap de les parts. Les obres d&#8217;adequaci\u00f3 de l&#8217;immoble al dest\u00ed previst seran per compte del cessionari devent, pr\u00e8viament a l&#8217;inici de l&#8217;activitat, obtindre les autoritzacions pertinents que requerisca la normativa d&#8217;aplicaci\u00f3.<\/p>\n\n\n\n<p>El dret d&#8217;\u00fas sobre l&#8217;immoble haur\u00e0 d&#8217;incorporar-se ara a l&#8217;Inventari General de B\u00e9ns i Drets de la Generalitat en concepte de b\u00e9 de domini p\u00fablic afecte al servei p\u00fablic protecci\u00f3 del medi ambient i adscrit a la Conselleria de Just\u00edcia, Interior i Administraci\u00f3 P\u00fablica a qui correspon les compet\u00e8ncies demanials sobre aquest, inclosa la seua administraci\u00f3, defensa i conservaci\u00f3, sense perjudici d&#8217;una posterior adscripci\u00f3 a la&nbsp;AVSRE.<\/p>\n","protected":false},"excerpt":{"rendered":"<div class=\"mh-excerpt\">La Conselleria d&#8217;Hisenda i Model Econ\u00f2mic ha acceptat la cessi\u00f3 gratu\u00efta, mitjan\u00e7ant mutaci\u00f3 demanial, de dos immoble, un d&#8217;ells a Ademuz que es destinar\u00e0 a centre de dia per a persones majors i a centre <a class=\"mh-excerpt-more\" href=\"https:\/\/www.tucomarca.com\/wordpress\/segunda\/ca\/hisenda-accepta-la-cessio-de-dos-immobles-a-ademus-i-canals-per-a-destinar-los-a-centre-social-i-parc-demergencies\/\" title=\"Hisenda accepta la cessi\u00f3 de dos immobles a Adem\u00fas i Canals per a destinar-los a centre social i parc d&#8217;emerg\u00e8ncies\">[+] <\/a><\/div>\n","protected":false},"author":1,"featured_media":112977,"comment_status":"open","ping_status":"open","sticky":false,"template":"","format":"standard","meta":{"footnotes":""},"categories":[10890,10926,10967,10948,10963,10894,10947,10896],"tags":[11097,11430,11094],"class_list":{"0":"post-137067","1":"post","2":"type-post","3":"status-publish","4":"format-standard","5":"has-post-thumbnail","7":"category-ademus","8":"category-ademus-ca","9":"category-canals-ca","10":"category-infraestructuras-ca","11":"category-la-canal-de-navarres-ca","12":"category-la-comarca-ca","13":"category-politica","14":"category-seccion-ca","15":"tag-ademuz-ca","16":"tag-canals-ca","17":"tag-la-canal-de-navarres"},"_links":{"self":[{"href":"https:\/\/www.tucomarca.com\/wordpress\/segunda\/ca\/wp-json\/wp\/v2\/posts\/137067","targetHints":{"allow":["GET"]}}],"collection":[{"href":"https:\/\/www.tucomarca.com\/wordpress\/segunda\/ca\/wp-json\/wp\/v2\/posts"}],"about":[{"href":"https:\/\/www.tucomarca.com\/wordpress\/segunda\/ca\/wp-json\/wp\/v2\/types\/post"}],"author":[{"embeddable":true,"href":"https:\/\/www.tucomarca.com\/wordpress\/segunda\/ca\/wp-json\/wp\/v2\/users\/1"}],"replies":[{"embeddable":true,"href":"https:\/\/www.tucomarca.com\/wordpress\/segunda\/ca\/wp-json\/wp\/v2\/comments?post=137067"}],"version-history":[{"count":0,"href":"https:\/\/www.tucomarca.com\/wordpress\/segunda\/ca\/wp-json\/wp\/v2\/posts\/137067\/revisions"}],"wp:featuredmedia":[{"embeddable":true,"href":"https:\/\/www.tucomarca.com\/wordpress\/segunda\/ca\/wp-json\/wp\/v2\/media\/112977"}],"wp:attachment":[{"href":"https:\/\/www.tucomarca.com\/wordpress\/segunda\/ca\/wp-json\/wp\/v2\/media?parent=137067"}],"wp:term":[{"taxonomy":"category","embeddable":true,"href":"https:\/\/www.tucomarca.com\/wordpress\/segunda\/ca\/wp-json\/wp\/v2\/categories?post=137067"},{"taxonomy":"post_tag","embeddable":true,"href":"https:\/\/www.tucomarca.com\/wordpress\/segunda\/ca\/wp-json\/wp\/v2\/tags?post=137067"}],"curies":[{"name":"wp","href":"https:\/\/api.w.org\/{rel}","templated":true}]}}