{"id":137175,"date":"2021-07-09T07:23:00","date_gmt":"2021-07-09T06:23:00","guid":{"rendered":"http:\/\/www.tucomarca.com\/wordpress\/segunda\/?p=137175"},"modified":"2021-07-09T18:29:14","modified_gmt":"2021-07-09T17:29:14","slug":"la-diputacio-prepara-una-nova-entrega-que-elevara-a-635-000-euros-la-seua-aportacio-al-fons-de-cooperacio-en-el-rincon-dademuz","status":"publish","type":"post","link":"https:\/\/www.tucomarca.com\/wordpress\/segunda\/ca\/la-diputacio-prepara-una-nova-entrega-que-elevara-a-635-000-euros-la-seua-aportacio-al-fons-de-cooperacio-en-el-rincon-dademuz\/","title":{"rendered":"La Diputaci\u00f3 prepara una nova entrega que elevar\u00e0 a 635.000 euros la seua aportaci\u00f3 al Fons de Cooperaci\u00f3 en el Rinc\u00f3n d\u2019Ademuz"},"content":{"rendered":"\n<p>La Diputaci\u00f3 de Val\u00e8ncia prepara una tercera entrega del Fons de Cooperaci\u00f3 Municipal que repartir\u00e0 192.000 euros entre els municipis del Rinc\u00f3n d\u2019Ademuz. En total, la instituci\u00f3 provincial ha assignat 635.000 euros a la comarca al llarg del present any en el marc del Fons de Cooperaci\u00f3, la qual cosa suposa un increment d\u2019una mica m\u00e9s de 200.000 euros respecte a l&#8217;aportaci\u00f3 de 2020.<\/p>\n\n\n\n<p>Amb esta nova entrega als ajuntaments, la corporaci\u00f3 provincial distribuir\u00e0 entre els municipis valencians, a trav\u00e9s del Fons, un total de 75 milions d&#8217;euros enguany, 14 m\u00e9s que en 2020. Esta aportaci\u00f3 de 15 milions d&#8217;euros s&#8217;aprovar\u00e0 en el ple del pr\u00f2xim 20 de juliol i ser\u00e0 la tercera injecci\u00f3 econ\u00f2mica per a inversi\u00f3 i despesa corrent en el marc d&#8217;este Fons conjunt amb la Generalitat, despr\u00e9s dels 42,2 milions de la primera entrega i els 17 milions del Pla Resistir.<\/p>\n\n\n\n<p>Els 75 milions distribu\u00efts per la Diputaci\u00f3 entre els municipis valencians a trav\u00e9s del Fons de Cooperaci\u00f3, que pr\u00e0cticament quadrupliquen l&#8217;aportaci\u00f3 del Consell a la prov\u00edncia en el marc d&#8217;este pla inversor que refor\u00e7a el municipalisme, seguixen criteris objectius de repartiment, fonamentalment la poblaci\u00f3, i beneficien a les localitats m\u00e9s xicotetes i amb m\u00e9s dificultats a l&#8217;hora d&#8217;invertir i cobrir determinades despeses b\u00e0siques en infraestructures i serveis.<\/p>\n\n\n\n<p>\u00c9s el cas de Sempere, el municipi amb menys habitants de la prov\u00edncia, que rebr\u00e0 de la Diputaci\u00f3 75.000 euros del Fons de Cooperaci\u00f3 en 2021, quasi el doble del seu pressupost. A esta partida, caldria sumar la del Pla d&#8217;Inversions i altres l\u00ednies de subvenci\u00f3 destinades a garantir els serveis b\u00e0sics als pobles m\u00e9s xicotets i que m\u00e9s necessiten a la instituci\u00f3 provincial.<\/p>\n\n\n\n<p><strong>Increment de l&#8217;aportaci\u00f3<\/strong><\/p>\n\n\n\n<p>El president de la Diputaci\u00f3, Toni Gaspar, ha assegurat que la corporaci\u00f3 que dirigix \u201ccontinuar\u00e0 apostant per esta eina que no sols fomenta la col\u00b7laboraci\u00f3 institucional, en este cas entre la Generalitat i les diputacions de Val\u00e8ncia i Castell\u00f3, sin\u00f3 que ha demostrat ser molt efica\u00e7 a l&#8217;hora d&#8217;agilitar el pagament i que els ajuntaments disposen de la liquiditat que necessiten per a exercir realment la seua autonomia\u201d.<\/p>\n\n\n\n<p>Gaspar insta a la Generalitat a incrementar tamb\u00e9 la seua aportaci\u00f3 al Fons i refor\u00e7ar el comprom\u00eds de les dos institucions amb el municipalisme \u201camb gesti\u00f3 i amb recursos\u201d, com demostra \u201cel creixement continu de la nostra aportaci\u00f3 al Fons del Consell, que enguany arriba als 75 milions d&#8217;euros enfront dels 20 milions que destin\u00e0vem en les primeres convocat\u00f2ries del programa\u201d.<\/p>\n\n\n\n<p>Per part seua, el diputat d&#8217;Hisenda, Vicent Mascarell, destaca \u201cla import\u00e0ncia d&#8217;estes ajudes de lliure disposici\u00f3 per als ajuntaments, que poden invertir en projectes que tenen pendents o directament cobrir despeses del dia a dia en serveis que s\u00f3n de primera necessitat\u201d. Mascarell avan\u00e7a que la proposta de distribuci\u00f3 d&#8217;estos 15 milions d&#8217;euros es portar\u00e0 la setmana vinent a la Junta de Govern i s&#8217;aprovar\u00e0 en el ple de juliol.<\/p>\n\n\n\n<figure class=\"wp-block-image size-large\"><img loading=\"lazy\" decoding=\"async\" width=\"1024\" height=\"629\" src=\"http:\/\/www.tucomarca.com\/wordpress\/segunda\/wp-content\/uploads\/2021\/07\/TablaAdemuz-1-1024x629.png\" alt=\"\" class=\"wp-image-137229\" srcset=\"https:\/\/www.tucomarca.com\/wordpress\/segunda\/wp-content\/uploads\/2021\/07\/TablaAdemuz-1-1024x629.png 1024w, https:\/\/www.tucomarca.com\/wordpress\/segunda\/wp-content\/uploads\/2021\/07\/TablaAdemuz-1-300x184.png 300w, https:\/\/www.tucomarca.com\/wordpress\/segunda\/wp-content\/uploads\/2021\/07\/TablaAdemuz-1-768x472.png 768w, https:\/\/www.tucomarca.com\/wordpress\/segunda\/wp-content\/uploads\/2021\/07\/TablaAdemuz-1.png 1389w\" sizes=\"auto, (max-width: 1024px) 100vw, 1024px\" \/><\/figure>\n\n\n\n<p><\/p>\n","protected":false},"excerpt":{"rendered":"<div class=\"mh-excerpt\">La Diputaci\u00f3 de Val\u00e8ncia prepara una tercera entrega del Fons de Cooperaci\u00f3 Municipal que repartir\u00e0 192.000 euros entre els municipis del Rinc\u00f3n d\u2019Ademuz. En total, la instituci\u00f3 provincial ha assignat 635.000 euros a la comarca <a class=\"mh-excerpt-more\" href=\"https:\/\/www.tucomarca.com\/wordpress\/segunda\/ca\/la-diputacio-prepara-una-nova-entrega-que-elevara-a-635-000-euros-la-seua-aportacio-al-fons-de-cooperacio-en-el-rincon-dademuz\/\" title=\"La Diputaci\u00f3 prepara una nova entrega que elevar\u00e0 a 635.000 euros la seua aportaci\u00f3 al Fons de Cooperaci\u00f3 en el Rinc\u00f3n d\u2019Ademuz\">[+] <\/a><\/div>\n","protected":false},"author":12,"featured_media":125068,"comment_status":"open","ping_status":"open","sticky":false,"template":"","format":"standard","meta":{"footnotes":""},"categories":[10890,10926,10923,10924,10925,10898,10948,10894,10904,10960,10947,10896,10961,10962],"tags":[11097,11246,11079],"class_list":{"0":"post-137175","1":"post","2":"type-post","3":"status-publish","4":"format-standard","5":"has-post-thumbnail","7":"category-ademus","8":"category-ademus-ca","9":"category-cases-altes","10":"category-cases-baixes","11":"category-castielfabib-ca","12":"category-ventana-ca","13":"category-infraestructuras-ca","14":"category-la-comarca-ca","15":"category-sin-categorizar-ca","16":"category-la-puebla-de-san-miguel-ca","17":"category-politica","18":"category-seccion-ca","19":"category-torrebaja-ca","20":"category-vallanca-ca","21":"tag-ademuz-ca","22":"tag-diputacio-de-valencia-ca","23":"tag-diputacion-ca"},"_links":{"self":[{"href":"https:\/\/www.tucomarca.com\/wordpress\/segunda\/ca\/wp-json\/wp\/v2\/posts\/137175","targetHints":{"allow":["GET"]}}],"collection":[{"href":"https:\/\/www.tucomarca.com\/wordpress\/segunda\/ca\/wp-json\/wp\/v2\/posts"}],"about":[{"href":"https:\/\/www.tucomarca.com\/wordpress\/segunda\/ca\/wp-json\/wp\/v2\/types\/post"}],"author":[{"embeddable":true,"href":"https:\/\/www.tucomarca.com\/wordpress\/segunda\/ca\/wp-json\/wp\/v2\/users\/12"}],"replies":[{"embeddable":true,"href":"https:\/\/www.tucomarca.com\/wordpress\/segunda\/ca\/wp-json\/wp\/v2\/comments?post=137175"}],"version-history":[{"count":0,"href":"https:\/\/www.tucomarca.com\/wordpress\/segunda\/ca\/wp-json\/wp\/v2\/posts\/137175\/revisions"}],"wp:featuredmedia":[{"embeddable":true,"href":"https:\/\/www.tucomarca.com\/wordpress\/segunda\/ca\/wp-json\/wp\/v2\/media\/125068"}],"wp:attachment":[{"href":"https:\/\/www.tucomarca.com\/wordpress\/segunda\/ca\/wp-json\/wp\/v2\/media?parent=137175"}],"wp:term":[{"taxonomy":"category","embeddable":true,"href":"https:\/\/www.tucomarca.com\/wordpress\/segunda\/ca\/wp-json\/wp\/v2\/categories?post=137175"},{"taxonomy":"post_tag","embeddable":true,"href":"https:\/\/www.tucomarca.com\/wordpress\/segunda\/ca\/wp-json\/wp\/v2\/tags?post=137175"}],"curies":[{"name":"wp","href":"https:\/\/api.w.org\/{rel}","templated":true}]}}