{"id":137270,"date":"2021-07-07T12:45:00","date_gmt":"2021-07-07T11:45:00","guid":{"rendered":"http:\/\/www.tucomarca.com\/wordpress\/segunda\/?p=137270"},"modified":"2021-07-09T19:47:55","modified_gmt":"2021-07-09T18:47:55","slug":"lajuntament-de-xest-contracta-personal-a-traves-de-la-subvencio-del-programa-emcorp-2","status":"publish","type":"post","link":"https:\/\/www.tucomarca.com\/wordpress\/segunda\/ca\/lajuntament-de-xest-contracta-personal-a-traves-de-la-subvencio-del-programa-emcorp-2\/","title":{"rendered":"L&#8217;Ajuntament de Xest contracta personal a trav\u00e9s de la subvenci\u00f3 del programa EMCORP"},"content":{"rendered":"\n<p>El programa EMCORP 2021 de Labora, destinat a la contractaci\u00f3 de persones desocupades d&#8217;almenys 30 anys d&#8217;edat, en col\u00b7laboraci\u00f3 amb les corporacions locals, ha destinat una subvenci\u00f3 de 30.430,70 euros a l&#8217;Ajuntament de Xest per a dur a terme la contractaci\u00f3 de dues persones durant sis mesos a jornada completa.<\/p>\n\n\n\n<p>\u201cDe esta forma podemos contratar a un oficial de la brigada y a una administrativa, que desarrollar\u00e1n su trabajo en el Ayuntamiento hasta el 7 de enero de 2022\u201d, explicaba el concejal de Empleo, Jos\u00e9 Vicente Guijarro. \u201cLos dos se incorporar\u00e1n ma\u00f1ana, 8 de julio\u201d.<\/p>\n\n\n\n<p>Tal y como ha explicado el concejal, la selecci\u00f3n del personal la realiza el Servef para cubrir los puestos que solicita el Ayuntamiento.<\/p>\n","protected":false},"excerpt":{"rendered":"<div class=\"mh-excerpt\">El programa EMCORP 2021 de Labora, destinat a la contractaci\u00f3 de persones desocupades d&#8217;almenys 30 anys d&#8217;edat, en col\u00b7laboraci\u00f3 amb les corporacions locals, ha destinat una subvenci\u00f3 de 30.430,70 euros a l&#8217;Ajuntament de Xest per <a class=\"mh-excerpt-more\" href=\"https:\/\/www.tucomarca.com\/wordpress\/segunda\/ca\/lajuntament-de-xest-contracta-personal-a-traves-de-la-subvencio-del-programa-emcorp-2\/\" title=\"L&#8217;Ajuntament de Xest contracta personal a trav\u00e9s de la subvenci\u00f3 del programa EMCORP\">[+] <\/a><\/div>\n","protected":false},"author":1,"featured_media":80939,"comment_status":"open","ping_status":"open","sticky":false,"template":"","format":"standard","meta":{"footnotes":""},"categories":[10948,10894,10912,10947,10896,10974],"tags":[11071,10914],"class_list":{"0":"post-137270","1":"post","2":"type-post","3":"status-publish","4":"format-standard","5":"has-post-thumbnail","7":"category-infraestructuras-ca","8":"category-la-comarca-ca","9":"category-la-hoya-ca","10":"category-politica","11":"category-seccion-ca","12":"category-cheste-ca","13":"tag-cheste","14":"tag-la-hoya-de-bunol-chiva-ca"},"_links":{"self":[{"href":"https:\/\/www.tucomarca.com\/wordpress\/segunda\/ca\/wp-json\/wp\/v2\/posts\/137270","targetHints":{"allow":["GET"]}}],"collection":[{"href":"https:\/\/www.tucomarca.com\/wordpress\/segunda\/ca\/wp-json\/wp\/v2\/posts"}],"about":[{"href":"https:\/\/www.tucomarca.com\/wordpress\/segunda\/ca\/wp-json\/wp\/v2\/types\/post"}],"author":[{"embeddable":true,"href":"https:\/\/www.tucomarca.com\/wordpress\/segunda\/ca\/wp-json\/wp\/v2\/users\/1"}],"replies":[{"embeddable":true,"href":"https:\/\/www.tucomarca.com\/wordpress\/segunda\/ca\/wp-json\/wp\/v2\/comments?post=137270"}],"version-history":[{"count":0,"href":"https:\/\/www.tucomarca.com\/wordpress\/segunda\/ca\/wp-json\/wp\/v2\/posts\/137270\/revisions"}],"wp:featuredmedia":[{"embeddable":true,"href":"https:\/\/www.tucomarca.com\/wordpress\/segunda\/ca\/wp-json\/wp\/v2\/media\/80939"}],"wp:attachment":[{"href":"https:\/\/www.tucomarca.com\/wordpress\/segunda\/ca\/wp-json\/wp\/v2\/media?parent=137270"}],"wp:term":[{"taxonomy":"category","embeddable":true,"href":"https:\/\/www.tucomarca.com\/wordpress\/segunda\/ca\/wp-json\/wp\/v2\/categories?post=137270"},{"taxonomy":"post_tag","embeddable":true,"href":"https:\/\/www.tucomarca.com\/wordpress\/segunda\/ca\/wp-json\/wp\/v2\/tags?post=137270"}],"curies":[{"name":"wp","href":"https:\/\/api.w.org\/{rel}","templated":true}]}}