{"id":137697,"date":"2021-07-15T10:00:00","date_gmt":"2021-07-15T09:00:00","guid":{"rendered":"http:\/\/www.tucomarca.com\/wordpress\/segunda\/?p=137697"},"modified":"2021-07-15T18:37:44","modified_gmt":"2021-07-15T17:37:44","slug":"el-prya-va-sollicitar-en-el-ple-un-servei-de-qualitat-en-el-sat-de-lajuntament-de-requena","status":"publish","type":"post","link":"https:\/\/www.tucomarca.com\/wordpress\/segunda\/ca\/el-prya-va-sollicitar-en-el-ple-un-servei-de-qualitat-en-el-sat-de-lajuntament-de-requena\/","title":{"rendered":"El PRyA va sol\u00b7licitar en el ple un servei de qualitat en el SAT de l&#8217;Ajuntament de Requena"},"content":{"rendered":"\n<p>El Servei d&#8217;Atenci\u00f3 i Tramitaci\u00f3 de l&#8217;Ajuntament, conegut com el SAT per les seues sigles, s\u00f3n unes oficines situades en la part baixa de l&#8217;Ajuntament, en l&#8217;antiga reguarda de la policia local. En ell, els ciutadans poden realitzar tr\u00e0mits municipals com ara peticions per registre d&#8217;entrada, empadronaments, reclamacions, queixes, suggeriments, etc.<br>&#8220;Aquest servei \u00e9s el m\u00e9s utilitzat per la ciutadania a causa de la quantitat de tr\u00e0mits que es realitzen en aquest, per aix\u00f2 comptava amb al voltant de set treballadors per a atendre els ve\u00efns en les seues gestions.\u00a0<br>Des del Partit de Requena i Llogarets estem rebent queixes dels ve\u00efns des de fa setmanes a causa de la congesti\u00f3 di\u00e0ria que hi ha en aquest servei, les poques cites que es donen o el retard de diversos dies en les mateixes per a ser atesos&#8221;.<br>&#8220;La setmana passada vam poder comprovar l&#8217;enorme p\u00e8rdua de qualitat en el servei d&#8217;atenci\u00f3 al ciutad\u00e0 del SAT, perqu\u00e8 on hi havia set treballadors ara hi ha solament dos, amb la conseq\u00fc\u00e8ncia de la saturaci\u00f3 de tr\u00e0mits.<br>Des del Partit de Requena i Llogarets no podem entendre com un departament tan utilitzat com \u00e9s el SAT, pot tindre tan poc personal quan \u00e9s tan important&#8221;.<br>&#8220;Des de la nostra formaci\u00f3 creiem que no hi ha excuses per al govern socialista de Mario S\u00e1nchez a l&#8217;hora de refor\u00e7ar amb m\u00e9s treballadors aquest servei, perqu\u00e8 s\u00f3n ells els que fan gala de tindre super\u00e0vit en els comptes de l&#8217;Ajuntament, per la qual cosa ens preguntem\u2026 a qu\u00e8 esperen per a dotar econ\u00f2micament la contractaci\u00f3 de m\u00e9s personal en aquest departament?&#8221;.<br>Per tot aix\u00f2, des del Partit de Requena i Llogarets &#8220;sol\u00b7licitem a l&#8217;alcalde de Requena Mario S\u00e1nchez en el passat ple que es destinen els recursos necessaris, de manera urgent, per a prestar un servei de qualitat als ciutadans en el SAT de l&#8217;Ajuntament&#8221;.<\/p>\n\n\n\n<p><\/p>\n","protected":false},"excerpt":{"rendered":"<div class=\"mh-excerpt\">El Servei d&#8217;Atenci\u00f3 i Tramitaci\u00f3 de l&#8217;Ajuntament, conegut com el SAT per les seues sigles, s\u00f3n unes oficines situades en la part baixa de l&#8217;Ajuntament, en l&#8217;antiga reguarda de la policia local. En ell, els <a class=\"mh-excerpt-more\" href=\"https:\/\/www.tucomarca.com\/wordpress\/segunda\/ca\/el-prya-va-sollicitar-en-el-ple-un-servei-de-qualitat-en-el-sat-de-lajuntament-de-requena\/\" title=\"El PRyA va sol\u00b7licitar en el ple un servei de qualitat en el SAT de l&#8217;Ajuntament de Requena\">[+] <\/a><\/div>\n","protected":false},"author":12,"featured_media":137696,"comment_status":"open","ping_status":"open","sticky":false,"template":"","format":"standard","meta":{"footnotes":""},"categories":[10948,10894,10947,10908,10909,10896],"tags":[12796,11099,10910],"class_list":{"0":"post-137697","1":"post","2":"type-post","3":"status-publish","4":"format-standard","5":"has-post-thumbnail","7":"category-infraestructuras-ca","8":"category-la-comarca-ca","9":"category-politica","10":"category-requena-ca","11":"category-requena-utiel-ca","12":"category-seccion-ca","13":"tag-prya-ca","14":"tag-requena-ca","15":"tag-requena-utiel-ca"},"_links":{"self":[{"href":"https:\/\/www.tucomarca.com\/wordpress\/segunda\/ca\/wp-json\/wp\/v2\/posts\/137697","targetHints":{"allow":["GET"]}}],"collection":[{"href":"https:\/\/www.tucomarca.com\/wordpress\/segunda\/ca\/wp-json\/wp\/v2\/posts"}],"about":[{"href":"https:\/\/www.tucomarca.com\/wordpress\/segunda\/ca\/wp-json\/wp\/v2\/types\/post"}],"author":[{"embeddable":true,"href":"https:\/\/www.tucomarca.com\/wordpress\/segunda\/ca\/wp-json\/wp\/v2\/users\/12"}],"replies":[{"embeddable":true,"href":"https:\/\/www.tucomarca.com\/wordpress\/segunda\/ca\/wp-json\/wp\/v2\/comments?post=137697"}],"version-history":[{"count":0,"href":"https:\/\/www.tucomarca.com\/wordpress\/segunda\/ca\/wp-json\/wp\/v2\/posts\/137697\/revisions"}],"wp:featuredmedia":[{"embeddable":true,"href":"https:\/\/www.tucomarca.com\/wordpress\/segunda\/ca\/wp-json\/wp\/v2\/media\/137696"}],"wp:attachment":[{"href":"https:\/\/www.tucomarca.com\/wordpress\/segunda\/ca\/wp-json\/wp\/v2\/media?parent=137697"}],"wp:term":[{"taxonomy":"category","embeddable":true,"href":"https:\/\/www.tucomarca.com\/wordpress\/segunda\/ca\/wp-json\/wp\/v2\/categories?post=137697"},{"taxonomy":"post_tag","embeddable":true,"href":"https:\/\/www.tucomarca.com\/wordpress\/segunda\/ca\/wp-json\/wp\/v2\/tags?post=137697"}],"curies":[{"name":"wp","href":"https:\/\/api.w.org\/{rel}","templated":true}]}}