{"id":137981,"date":"2021-07-19T21:00:00","date_gmt":"2021-07-19T20:00:00","guid":{"rendered":"http:\/\/www.tucomarca.com\/wordpress\/segunda\/?p=137981"},"modified":"2021-07-20T08:48:16","modified_gmt":"2021-07-20T07:48:16","slug":"riba-roja-registra-11-748-contractes-laborals-durant-el-primer-semestre-denguany-i-supera-ja-les-xifres-anteriors-al-comencament-de-la-pandemia-del-covid-19","status":"publish","type":"post","link":"https:\/\/www.tucomarca.com\/wordpress\/segunda\/ca\/riba-roja-registra-11-748-contractes-laborals-durant-el-primer-semestre-denguany-i-supera-ja-les-xifres-anteriors-al-comencament-de-la-pandemia-del-covid-19\/","title":{"rendered":"Riba-roja registra 11.748 contractes laborals durant el primer semestre d&#8217;enguany i supera ja les xifres anteriors al comen\u00e7ament de la pand\u00e8mia del Covid-19"},"content":{"rendered":"\n<h4 class=\"wp-block-heading\">La localitat va augmentar el nombre de contractes en un 3\u20198% en aquest per\u00edode<\/h4>\n\n\n\n<p>La localitat de Riba-roja de T\u00faria supera ja les xifres anteriors a l&#8217;inici de la pand\u00e8mia en formalitzaci\u00f3 de contractes laborals en les m\u00e9s de 1.700 empreses existents en els pol\u00edgons industrials i en el nucli urb\u00e0. A m\u00e9s, durant el primer semestre d&#8217;enguany es van realitzar un total de 11.748 contractes laborals enfront dels 8.979 que van tindre lloc durant el primer semestre de 2020, en plena \u00e8poca de confinament i posterior desescalada social i econ\u00f2mica.&nbsp;<\/p>\n\n\n\n<p>Les dades donades a con\u00e9ixer per Labora, l&#8217;organisme p\u00fablic auton\u00f2mic sobre ocupaci\u00f3 i formaci\u00f3, estableix un increment notable en la formalitzaci\u00f3 dels contractes laborals al llarg d&#8217;enguany. Un 13\u20198% m\u00e9s de contractes s&#8217;han realitzat entre el mes de maig amb 2.006 i el mes de juny passat amb altres 2.283 contractes laborals a Riba-roja de T\u00faria.&nbsp;<\/p>\n\n\n\n<p>Les xifres del mes de juny en generaci\u00f3 de contractes laborals s\u00f3n superiors ja als mesos anteriors al comen\u00e7ament de la pand\u00e8mia al mar\u00e7 del passat any. D&#8217;aquesta manera, els 2.283 contractes de juny passat s\u00f3n superiors ja als 1.960 contractes laborals que es van formalitzar al febrer de 2020 o els 2.194 contractes que es van dur a terme al gener del mateix exercici a Riba-roja de T\u00faria, amb un increment del 16\u20195% i el 4%, respectivament, segons les estad\u00edstiques de Labora.&nbsp;<\/p>\n\n\n\n<p>La tend\u00e8ncia d&#8217;enguany s&#8217;ha caracteritzat per una evoluci\u00f3 positiva amb increments graduals i proporcionals a les m\u00e9s de 1.700 empreses en passar dels 1.980 contractes que es van elaborar el mes de gener als 2.283 contractes laborals que es van tornar a realitzar al juny passat, \u00e9s a dir, un augment del 15\u20193% a Riba-roja de T\u00faria entre tots dos per\u00edodes de temps. Amb les \u00faltimes dades publicades s&#8217;aconsegueixen ja els 11.748 contractes durant el primer semestre de l&#8217;any.&nbsp;<br>Dels 2.283 contractes del mes de juny passat un 67\u20195% d&#8217;ells corresponen a homes -1.540 en total- enfront dels restants que es van formalitzar a les dones -743- amb el 32\u20195%, amb percentatges similars als mesos precedents. La majoria dels contractes es van realitzar a homes d&#8217;entre 25 i 44 anys d&#8217;edat amb 807 en total, seguits dels 418 contractes a dones, tamb\u00e9 en la mateixa franja d&#8217;edat.&nbsp;<\/p>\n\n\n\n<p>En aquest per\u00edode, a Riba-roja de T\u00faria es van realitzar tamb\u00e9 altres 403 contractes a homes menors de 25 anys i 330 contractes a homes majors de 44 anys. Finalment, cal destacar els 166 contractes a dones menors de 25 anys o els 159 de dones majors de 44 anys. Aquesta tend\u00e8ncia confirma tamb\u00e9 les xifres que s&#8217;han detectat en els mesos precedents.&nbsp;<\/p>\n\n\n\n<p>El sector dels serveis amb 1.783 contractes \u00e9s el que concentra la majoria dels elaborats en aquest per\u00edode, seguit dels 456 de l&#8217;\u00e0mbit de la ind\u00fastria, els 36 pertanyents a la construcci\u00f3 o, finalment, els 8 contractes que es van elaborar en l&#8217;agricultura. D&#8217;ells, 199 van tindre un car\u00e0cter indefinit mentre que els restants 2.084 contractes corresponen als temporals. Els contractes a jornada completa van ser 1.675 enfront dels 608 parcials. Quant a la proced\u00e8ncia, del total generat va haver-hi 1.977 a persones d&#8217;\u00e0mbit nacional i els restants 306 a estrangers.&nbsp;<\/p>\n\n\n\n<p>Les ocupacions elementals van centrar una gran majoria de les contractacions amb 1.182 sobre el total, seguit dels 466 contractes dels operadors d&#8217;instal\u00b7lacions i maquin\u00e0ria i muntadors, els 279 de treballadors dels serveis de restauraci\u00f3, personals, protecci\u00f3 i venedors, els 116 corresponents a empleats comptables, administratius i altres ocupacions d&#8217;oficina, els 115 contractes d&#8217;artesans i treballadors qualificats de les ind\u00fastries manufactureres i de la construcci\u00f3 o, finalment, els 76 contractes de t\u00e8cnics i professionals de suport.<\/p>\n\n\n\n<p>L&#8217;alcalde de Riba-roja de T\u00faria, Robert Raga, ha subratllat que les xifres donades a con\u00e9ixer \u201creafirmen la tend\u00e8ncia experimentada al llarg d&#8217;enguany i ens mostren una recuperaci\u00f3 positiva fins al punt de superar les dades anteriors a l&#8217;inici de la pand\u00e8mia, per la qual cosa hem de continuar en la mateixa l\u00ednia de suport al nostre teixit empresarial com a factor determinant per a la creaci\u00f3 de llocs de treball\u201d.<\/p>\n\n\n\n<p><\/p>\n","protected":false},"excerpt":{"rendered":"<div class=\"mh-excerpt\">La localitat va augmentar el nombre de contractes en un 3\u20198% en aquest per\u00edode La localitat de Riba-roja de T\u00faria supera ja les xifres anteriors a l&#8217;inici de la pand\u00e8mia en formalitzaci\u00f3 de contractes laborals <a class=\"mh-excerpt-more\" href=\"https:\/\/www.tucomarca.com\/wordpress\/segunda\/ca\/riba-roja-registra-11-748-contractes-laborals-durant-el-primer-semestre-denguany-i-supera-ja-les-xifres-anteriors-al-comencament-de-la-pandemia-del-covid-19\/\" title=\"Riba-roja registra 11.748 contractes laborals durant el primer semestre d&#8217;enguany i supera ja les xifres anteriors al comen\u00e7ament de la pand\u00e8mia del Covid-19\">[+] <\/a><\/div>\n","protected":false},"author":12,"featured_media":98222,"comment_status":"open","ping_status":"open","sticky":false,"template":"","format":"standard","meta":{"footnotes":""},"categories":[10892,10948,10894,10947,10906,10896],"tags":[10899,15088,10907],"class_list":{"0":"post-137981","1":"post","2":"type-post","3":"status-publish","4":"format-standard","5":"has-post-thumbnail","7":"category-camp-de-turia-ca","8":"category-infraestructuras-ca","9":"category-la-comarca-ca","10":"category-politica","11":"category-riba-roja-ca","12":"category-seccion-ca","13":"tag-camp-de-turia-ca","14":"tag-contratos-laborales-ca","15":"tag-riba-roja-del-turia-ca"},"_links":{"self":[{"href":"https:\/\/www.tucomarca.com\/wordpress\/segunda\/ca\/wp-json\/wp\/v2\/posts\/137981","targetHints":{"allow":["GET"]}}],"collection":[{"href":"https:\/\/www.tucomarca.com\/wordpress\/segunda\/ca\/wp-json\/wp\/v2\/posts"}],"about":[{"href":"https:\/\/www.tucomarca.com\/wordpress\/segunda\/ca\/wp-json\/wp\/v2\/types\/post"}],"author":[{"embeddable":true,"href":"https:\/\/www.tucomarca.com\/wordpress\/segunda\/ca\/wp-json\/wp\/v2\/users\/12"}],"replies":[{"embeddable":true,"href":"https:\/\/www.tucomarca.com\/wordpress\/segunda\/ca\/wp-json\/wp\/v2\/comments?post=137981"}],"version-history":[{"count":0,"href":"https:\/\/www.tucomarca.com\/wordpress\/segunda\/ca\/wp-json\/wp\/v2\/posts\/137981\/revisions"}],"wp:featuredmedia":[{"embeddable":true,"href":"https:\/\/www.tucomarca.com\/wordpress\/segunda\/ca\/wp-json\/wp\/v2\/media\/98222"}],"wp:attachment":[{"href":"https:\/\/www.tucomarca.com\/wordpress\/segunda\/ca\/wp-json\/wp\/v2\/media?parent=137981"}],"wp:term":[{"taxonomy":"category","embeddable":true,"href":"https:\/\/www.tucomarca.com\/wordpress\/segunda\/ca\/wp-json\/wp\/v2\/categories?post=137981"},{"taxonomy":"post_tag","embeddable":true,"href":"https:\/\/www.tucomarca.com\/wordpress\/segunda\/ca\/wp-json\/wp\/v2\/tags?post=137981"}],"curies":[{"name":"wp","href":"https:\/\/api.w.org\/{rel}","templated":true}]}}