{"id":138154,"date":"2021-07-22T18:00:00","date_gmt":"2021-07-22T17:00:00","guid":{"rendered":"http:\/\/www.tucomarca.com\/wordpress\/segunda\/?p=138154"},"modified":"2021-07-23T09:51:19","modified_gmt":"2021-07-23T08:51:19","slug":"tot-preparat-per-al-pas-de-la-volta-ciclista-a-espanya-per-turis","status":"publish","type":"post","link":"https:\/\/www.tucomarca.com\/wordpress\/segunda\/ca\/tot-preparat-per-al-pas-de-la-volta-ciclista-a-espanya-per-turis\/","title":{"rendered":"Tot preparat per al pas de la Volta Ciclista a Espanya per Tur\u00eds"},"content":{"rendered":"\n<p>Els ciclistes Fernando Escart\u00edn i Francisco Giner, representant l&#8217;organitzaci\u00f3 de la Volta Ciclista a Espanya, s&#8217;han reunit amb l&#8217;alcalde, Eugenio Forta\u00f1a, el Regidor d&#8217;Esports, M. Dolors Crespo, i el titular de la Policia Local per a especificar els detalls del pas de la carrera per la localitat.<br>La comitiva s&#8217;ha traslladat a l&#8217;avinguda per a controlar els accessos i punts de precauci\u00f3 especial que la serp multicolor es trobar\u00e0 quan encreuament Turis el dijous 19 d&#8217;agost. Ser\u00e0 la sisena etapa de la volta i arribar\u00e0 de Requena.<br>Cal assenyalar que Escart\u00edn va ser dues vegades subcampi\u00f3 d&#8217;aquesta volta (1997 i 1998) i va quedar tercer, a m\u00e9s de guanyar l&#8217;etapa de muntanya m\u00e9s important, en el Tour de Fran\u00e7a celebrat en 1999. Francisco Giner t\u00e9 una gran carrera com a professional durant la qual ha tingut l&#8217;oportunitat d&#8217;entrenar i competir amb el turisano Antonio Gim\u00e9nez Luj\u00e1n.<\/p>\n\n\n\n<p><\/p>\n","protected":false},"excerpt":{"rendered":"<div class=\"mh-excerpt\">Els ciclistes Fernando Escart\u00edn i Francisco Giner, representant l&#8217;organitzaci\u00f3 de la Volta Ciclista a Espanya, s&#8217;han reunit amb l&#8217;alcalde, Eugenio Forta\u00f1a, el Regidor d&#8217;Esports, M. Dolors Crespo, i el titular de la Policia Local per <a class=\"mh-excerpt-more\" href=\"https:\/\/www.tucomarca.com\/wordpress\/segunda\/ca\/tot-preparat-per-al-pas-de-la-volta-ciclista-a-espanya-per-turis\/\" title=\"Tot preparat per al pas de la Volta Ciclista a Espanya per Tur\u00eds\">[+] <\/a><\/div>\n","protected":false},"author":12,"featured_media":138153,"comment_status":"open","ping_status":"open","sticky":false,"template":"","format":"standard","meta":{"footnotes":""},"categories":[11013,11003,10948,10894,10902,10896,11047],"tags":[11356,11093,15113],"class_list":{"0":"post-138154","1":"post","2":"type-post","3":"status-publish","4":"format-standard","5":"has-post-thumbnail","7":"category-ciclismo-ca","8":"category-sports","9":"category-infraestructuras-ca","10":"category-la-comarca-ca","11":"category-la-ribera-ca","12":"category-seccion-ca","13":"category-turis-ca","14":"tag-ribera-alta-ca","15":"tag-turis-ca","16":"tag-vuelta-ciclista-a-espana-ca"},"_links":{"self":[{"href":"https:\/\/www.tucomarca.com\/wordpress\/segunda\/ca\/wp-json\/wp\/v2\/posts\/138154","targetHints":{"allow":["GET"]}}],"collection":[{"href":"https:\/\/www.tucomarca.com\/wordpress\/segunda\/ca\/wp-json\/wp\/v2\/posts"}],"about":[{"href":"https:\/\/www.tucomarca.com\/wordpress\/segunda\/ca\/wp-json\/wp\/v2\/types\/post"}],"author":[{"embeddable":true,"href":"https:\/\/www.tucomarca.com\/wordpress\/segunda\/ca\/wp-json\/wp\/v2\/users\/12"}],"replies":[{"embeddable":true,"href":"https:\/\/www.tucomarca.com\/wordpress\/segunda\/ca\/wp-json\/wp\/v2\/comments?post=138154"}],"version-history":[{"count":0,"href":"https:\/\/www.tucomarca.com\/wordpress\/segunda\/ca\/wp-json\/wp\/v2\/posts\/138154\/revisions"}],"wp:featuredmedia":[{"embeddable":true,"href":"https:\/\/www.tucomarca.com\/wordpress\/segunda\/ca\/wp-json\/wp\/v2\/media\/138153"}],"wp:attachment":[{"href":"https:\/\/www.tucomarca.com\/wordpress\/segunda\/ca\/wp-json\/wp\/v2\/media?parent=138154"}],"wp:term":[{"taxonomy":"category","embeddable":true,"href":"https:\/\/www.tucomarca.com\/wordpress\/segunda\/ca\/wp-json\/wp\/v2\/categories?post=138154"},{"taxonomy":"post_tag","embeddable":true,"href":"https:\/\/www.tucomarca.com\/wordpress\/segunda\/ca\/wp-json\/wp\/v2\/tags?post=138154"}],"curies":[{"name":"wp","href":"https:\/\/api.w.org\/{rel}","templated":true}]}}