{"id":138372,"date":"2021-07-26T17:00:00","date_gmt":"2021-07-26T16:00:00","guid":{"rendered":"http:\/\/www.tucomarca.com\/wordpress\/segunda\/?p=138372"},"modified":"2021-07-26T17:28:48","modified_gmt":"2021-07-26T16:28:48","slug":"la-tempesta-que-aquest-dilluns-ha-afectat-a-requena-utiel-deixa-50-litres-per-metre-quadrat-en-els-ducs","status":"publish","type":"post","link":"https:\/\/www.tucomarca.com\/wordpress\/segunda\/ca\/la-tempesta-que-aquest-dilluns-ha-afectat-a-requena-utiel-deixa-50-litres-per-metre-quadrat-en-els-ducs\/","title":{"rendered":"La tempesta que aquest dilluns ha afectat a Requena-Utiel deixa 50 litres per metre quadrat en Els Ducs"},"content":{"rendered":"\n<p>L&#8217;activitat tempestuosa registrada aquest dilluns al mat\u00ed a la comarca de Requena-Utiel ha deixat quantitats d&#8217;aigua de pluja destacades que superen els 30 litres per metre quadrat de mitjana en algunes zones.<\/p>\n\n\n\n<p>El registre de precipitaci\u00f3 m\u00e9s important s&#8217;ha donat en la pedania dels Ducs, amb 50 litres d&#8217;aigua de pluja per metre quadrat . Tamb\u00e9 ha sigut molt destacada la quantitat recollida en Cases de Eufemia, que se situa entorn dels 40 litres.<\/p>\n\n\n\n<p>En alguns paratges de la pedania de Camp Arcis la tempesta ha vingut acompanyada de calamarsa.<\/p>\n\n\n\n<p>No \u00e9s habitual que a la fi de juliol es registren pluges importants; perqu\u00e8 aquest \u00e9s el mes m\u00e9s sec de l&#8217;any. Informa, <strong>Luis Ib\u00e1\u00f1ez<\/strong>.<\/p>\n","protected":false},"excerpt":{"rendered":"<div class=\"mh-excerpt\">L&#8217;activitat tempestuosa registrada aquest dilluns al mat\u00ed a la comarca de Requena-Utiel ha deixat quantitats d&#8217;aigua de pluja destacades que superen els 30 litres per metre quadrat de mitjana en algunes zones. El registre de <a class=\"mh-excerpt-more\" href=\"https:\/\/www.tucomarca.com\/wordpress\/segunda\/ca\/la-tempesta-que-aquest-dilluns-ha-afectat-a-requena-utiel-deixa-50-litres-per-metre-quadrat-en-els-ducs\/\" title=\"La tempesta que aquest dilluns ha afectat a Requena-Utiel deixa 50 litres per metre quadrat en Els Ducs\">[+] <\/a><\/div>\n","protected":false},"author":1,"featured_media":138370,"comment_status":"open","ping_status":"open","sticky":false,"template":"","format":"standard","meta":{"footnotes":""},"categories":[10905,10898,10948,10894,10904,10908,10909,10896,10897],"tags":[14259,10910,13134],"class_list":{"0":"post-138372","1":"post","2":"type-post","3":"status-publish","4":"format-standard","5":"has-post-thumbnail","7":"category-agricultura-la-comarca-ca","8":"category-ventana-ca","9":"category-infraestructuras-ca","10":"category-la-comarca-ca","11":"category-sin-categorizar-ca","12":"category-requena-ca","13":"category-requena-utiel-ca","14":"category-seccion-ca","15":"category-sucesos-la-comarca-ca","16":"tag-los-duques-ca","17":"tag-requena-utiel-ca","18":"tag-tormentas-ca"},"_links":{"self":[{"href":"https:\/\/www.tucomarca.com\/wordpress\/segunda\/ca\/wp-json\/wp\/v2\/posts\/138372","targetHints":{"allow":["GET"]}}],"collection":[{"href":"https:\/\/www.tucomarca.com\/wordpress\/segunda\/ca\/wp-json\/wp\/v2\/posts"}],"about":[{"href":"https:\/\/www.tucomarca.com\/wordpress\/segunda\/ca\/wp-json\/wp\/v2\/types\/post"}],"author":[{"embeddable":true,"href":"https:\/\/www.tucomarca.com\/wordpress\/segunda\/ca\/wp-json\/wp\/v2\/users\/1"}],"replies":[{"embeddable":true,"href":"https:\/\/www.tucomarca.com\/wordpress\/segunda\/ca\/wp-json\/wp\/v2\/comments?post=138372"}],"version-history":[{"count":0,"href":"https:\/\/www.tucomarca.com\/wordpress\/segunda\/ca\/wp-json\/wp\/v2\/posts\/138372\/revisions"}],"wp:featuredmedia":[{"embeddable":true,"href":"https:\/\/www.tucomarca.com\/wordpress\/segunda\/ca\/wp-json\/wp\/v2\/media\/138370"}],"wp:attachment":[{"href":"https:\/\/www.tucomarca.com\/wordpress\/segunda\/ca\/wp-json\/wp\/v2\/media?parent=138372"}],"wp:term":[{"taxonomy":"category","embeddable":true,"href":"https:\/\/www.tucomarca.com\/wordpress\/segunda\/ca\/wp-json\/wp\/v2\/categories?post=138372"},{"taxonomy":"post_tag","embeddable":true,"href":"https:\/\/www.tucomarca.com\/wordpress\/segunda\/ca\/wp-json\/wp\/v2\/tags?post=138372"}],"curies":[{"name":"wp","href":"https:\/\/api.w.org\/{rel}","templated":true}]}}