{"id":138402,"date":"2021-07-26T18:05:00","date_gmt":"2021-07-26T17:05:00","guid":{"rendered":"http:\/\/www.tucomarca.com\/wordpress\/segunda\/?p=138402"},"modified":"2021-07-26T19:12:56","modified_gmt":"2021-07-26T18:12:56","slug":"sanitat-registra-3-482-nous-casos-de-coronavirus-4-defuncions-i-4-700-altes","status":"publish","type":"post","link":"https:\/\/www.tucomarca.com\/wordpress\/segunda\/ca\/sanitat-registra-3-482-nous-casos-de-coronavirus-4-defuncions-i-4-700-altes\/","title":{"rendered":"Sanitat registra 3.482 nous casos de coronavirus, 4 defuncions i 4.700 altes"},"content":{"rendered":"\n<h4 class=\"wp-block-heading\">Nous casos per prov\u00edncies: 400 casos a Castell\u00f3, 1.110 a Alacant i 1.972 a Val\u00e8ncia<\/h4>\n\n\n\n<h4 class=\"wp-block-heading\">Un total de 3.107.318 persones han rebut ja una dosi de la vacuna contra el coronavirus i 2.589.521, la pauta completa<\/h4>\n\n\n\n<p>Un total de 3.107.318 persones han rebut ja una dosi de la vacuna contra el coronavirus en la Comunitat Valenciana. A m\u00e9s, en aquests moments, compten amb la pauta completa d&#8217;immunitzaci\u00f3 (dues dosis per a Pfizer, Moderna i AstraZeneca; i la monodosis de Janssen) 2.589.521 persones. Per prov\u00edncies: 305.977 a Castell\u00f3, 931.550 a Alacant i 1.351.994 a Val\u00e8ncia.<\/p>\n\n\n\n<p>Aix\u00ed mateix, s&#8217;han notificat 3.482 casos nous de coronavirus confirmats per prova PCR o a trav\u00e9s de test d&#8217;ant\u00edgens des de l&#8217;\u00faltima actualitzaci\u00f3, que situen la xifra total de positius en 452.283 persones. Per prov\u00edncies, 400 a Castell\u00f3 (46.807 en total); 1.110 a Alacant (161.608 en total); i 1.972 a Val\u00e8ncia (243.866 en total). El total de casos no assignats es mant\u00e9 en 2.<\/p>\n\n\n\n<p>Des de l&#8217;\u00faltima actualitzaci\u00f3 s&#8217;han registrat 4.700 altes a pacients amb coronavirus. D&#8217;aquesta manera, el nombre de persones que han superat la malaltia des que va comen\u00e7ar la pand\u00e8mia en la Comunitat Valenciana ascendeix a 426.291 persones. Per prov\u00edncies, les altes es distribueixen aix\u00ed: 44.148 a Castell\u00f3, 154.019 a Alacant i 228.065 a Val\u00e8ncia. El total d&#8217;altes no assignades es mant\u00e9 en 59.<\/p>\n\n\n\n<p>Els hospitals valencians tenen, actualment, 715 persones ingressades: 75 a la prov\u00edncia de Castell\u00f3, 6 en UCI; 140 a la prov\u00edncia d&#8217;Alacant, 23 d&#8217;ells en l&#8217;UCI; i 500 a la prov\u00edncia de Val\u00e8ncia, 62 d&#8217;ells en UCI.<\/p>\n\n\n\n<p>D&#8217;altra banda, s&#8217;han registrat 4 defuncions en els \u00faltims set dies, per la qual cosa el total de decessos des de l&#8217;inici de la pand\u00e8mia se situa en 7.482: 810 a la prov\u00edncia de Castell\u00f3, 2.851 en la d&#8217;Alacant i 3.821 en la de Val\u00e8ncia.<\/p>\n\n\n\n<p>D&#8217;acord amb les dades registrades, en aquests moments hi ha 29.972 casos actius, la qual cosa suposa un 6,46% del total de positius.<\/p>\n\n\n\n<p>Dels brots registrats, un t\u00e9 m\u00e9s de 10 casos associats i \u00e9s d&#8217;origen social:<\/p>\n\n\n\n<p>Sagunt: 18 casos. Origen social<\/p>\n","protected":false},"excerpt":{"rendered":"<div class=\"mh-excerpt\">Nous casos per prov\u00edncies: 400 casos a Castell\u00f3, 1.110 a Alacant i 1.972 a Val\u00e8ncia Un total de 3.107.318 persones han rebut ja una dosi de la vacuna contra el coronavirus i 2.589.521, la pauta <a class=\"mh-excerpt-more\" href=\"https:\/\/www.tucomarca.com\/wordpress\/segunda\/ca\/sanitat-registra-3-482-nous-casos-de-coronavirus-4-defuncions-i-4-700-altes\/\" title=\"Sanitat registra 3.482 nous casos de coronavirus, 4 defuncions i 4.700 altes\">[+] <\/a><\/div>\n","protected":false},"author":12,"featured_media":129628,"comment_status":"open","ping_status":"open","sticky":false,"template":"","format":"standard","meta":{"footnotes":""},"categories":[11010,12202,10898,10948,10894,10904,10903,10947,10896],"tags":[12165,11939,11940,13477,13932],"class_list":{"0":"post-138402","1":"post","2":"type-post","3":"status-publish","4":"format-standard","5":"has-post-thumbnail","7":"category-canal-salud","8":"category-covid-19-ca","9":"category-ventana-ca","10":"category-infraestructuras-ca","11":"category-la-comarca-ca","12":"category-sin-categorizar-ca","13":"category-medio-ambiente-la-comarca-ca","14":"category-politica","15":"category-seccion-ca","16":"tag-conselleria-de-sanitat-ca","17":"tag-coronavirus-ca","18":"tag-covid-19-ca","19":"tag-datos-de-contagios-ca","20":"tag-vacunas-ca"},"_links":{"self":[{"href":"https:\/\/www.tucomarca.com\/wordpress\/segunda\/ca\/wp-json\/wp\/v2\/posts\/138402","targetHints":{"allow":["GET"]}}],"collection":[{"href":"https:\/\/www.tucomarca.com\/wordpress\/segunda\/ca\/wp-json\/wp\/v2\/posts"}],"about":[{"href":"https:\/\/www.tucomarca.com\/wordpress\/segunda\/ca\/wp-json\/wp\/v2\/types\/post"}],"author":[{"embeddable":true,"href":"https:\/\/www.tucomarca.com\/wordpress\/segunda\/ca\/wp-json\/wp\/v2\/users\/12"}],"replies":[{"embeddable":true,"href":"https:\/\/www.tucomarca.com\/wordpress\/segunda\/ca\/wp-json\/wp\/v2\/comments?post=138402"}],"version-history":[{"count":0,"href":"https:\/\/www.tucomarca.com\/wordpress\/segunda\/ca\/wp-json\/wp\/v2\/posts\/138402\/revisions"}],"wp:featuredmedia":[{"embeddable":true,"href":"https:\/\/www.tucomarca.com\/wordpress\/segunda\/ca\/wp-json\/wp\/v2\/media\/129628"}],"wp:attachment":[{"href":"https:\/\/www.tucomarca.com\/wordpress\/segunda\/ca\/wp-json\/wp\/v2\/media?parent=138402"}],"wp:term":[{"taxonomy":"category","embeddable":true,"href":"https:\/\/www.tucomarca.com\/wordpress\/segunda\/ca\/wp-json\/wp\/v2\/categories?post=138402"},{"taxonomy":"post_tag","embeddable":true,"href":"https:\/\/www.tucomarca.com\/wordpress\/segunda\/ca\/wp-json\/wp\/v2\/tags?post=138402"}],"curies":[{"name":"wp","href":"https:\/\/api.w.org\/{rel}","templated":true}]}}