{"id":138451,"date":"2021-07-26T22:00:00","date_gmt":"2021-07-26T21:00:00","guid":{"rendered":"http:\/\/www.tucomarca.com\/wordpress\/segunda\/?p=138451"},"modified":"2021-07-27T09:24:15","modified_gmt":"2021-07-27T08:24:15","slug":"barcelo-destaca-lavancament-de-la-vacunacio-entre-els-joves-i-el-reforc-del-sistema-sanitari-amb-13-803-professionals-per-a-fer-front-al-covid-19","status":"publish","type":"post","link":"https:\/\/www.tucomarca.com\/wordpress\/segunda\/ca\/barcelo-destaca-lavancament-de-la-vacunacio-entre-els-joves-i-el-reforc-del-sistema-sanitari-amb-13-803-professionals-per-a-fer-front-al-covid-19\/","title":{"rendered":"Barcel\u00f3 destaca l&#8217;avan\u00e7ament de la vacunaci\u00f3 entre els joves i el refor\u00e7 del sistema sanitari amb 13.803 professionals per a fer front al Covid-19"},"content":{"rendered":"\n<h4 class=\"wp-block-heading\">La consellera destaca que la Comunitat compta amb una de les taxes m\u00e9s altes del m\u00f3n amb poblaci\u00f3 vacunada amb pauta completa<\/h4>\n\n\n\n<h4 class=\"wp-block-heading\">Barcel\u00f3 ha agra\u00eft i elogiat &#8220;el treball que estan realitzat els professionals de la sanitat durant tota la pand\u00e8mia&#8221;<\/h4>\n\n\n\n<h4 class=\"wp-block-heading\">&#8220;Les resid\u00e8ncies de majors no han registrat morts des que es va completar el proc\u00e9s de vacunaci\u00f3 a aquest col\u00b7lectiu&#8221;, ha assenyalat<\/h4>\n\n\n\n<h4 class=\"wp-block-heading\">Barcel\u00f3 apunta que s&#8217;han renovat 6.053 contractes, als quals cal afegir 7.300 nous contractes del Pla de Vacances i Refor\u00e7os d&#8217;Estiu i 450 persones rastrejadores<\/h4>\n\n\n\n<p>La consellera de Sanitat Universal i Salut P\u00fablica, Ana Barcel\u00f3, ha comparegut en Diputaci\u00f3 Permanent de les Corts a petici\u00f3 pr\u00f2pia per a donar compte de la gesti\u00f3 de la pand\u00e8mia i de l&#8217;avan\u00e7 en el proc\u00e9s de vacunaci\u00f3 en la Comunitat Valenciana.<\/p>\n\n\n\n<p>Durant la seua intervenci\u00f3, Barcel\u00f3 ha ressaltat la import\u00e0ncia de la vacunaci\u00f3 i ha indicat que &#8220;en aquests moments, en la Comunitat Valenciana s&#8217;ha superat els 3 milions de persones amb almenys una dosi, la qual cosa suposa quasi el 70% de la poblaci\u00f3 a vacunar&#8221;. A m\u00e9s, el 57% de la poblaci\u00f3 a vacunar ja compta amb la pauta completa, la qual cosa suposa m\u00e9s de 2,5 milions de ciutadans.<\/p>\n\n\n\n<p>En aquest sentit, la consellera ha assenyalat que &#8220;la Comunitat Valenciana compta amb una de les taxes m\u00e9s altes del m\u00f3n quant a poblaci\u00f3 vacunada amb pauta completa. Per damunt de pa\u00efsos com Alemanya, Fran\u00e7a, els Estats Units, Su\u00efssa, Portugal, Dinamarca, entre altres&#8221;.<\/p>\n\n\n\n<p>De fet, des que es va iniciar la campanya de vacunaci\u00f3 en la Comunitat Valenciana ja s&#8217;han administrat m\u00e9s de 5,4 milions de dosis, que suposen el 95% de les dosis que ha rebut la Comunitat.<\/p>\n\n\n\n<p>A m\u00e9s, continua accelerant-se el ritme de vacunaci\u00f3 de manera que en aquests moments ja s&#8217;est\u00e0 vacunant a la poblaci\u00f3 de 20 a 29 anys, avan\u00e7ant aix\u00ed en dues setmanes el calendari inicialment previst, i s&#8217;espera que per a finals del mes d&#8217;agost s&#8217;inicie la vacunaci\u00f3 de joves de 17 i 18 anys.<\/p>\n\n\n\n<p>En aquest sentit, la consellera ha recordat el comprom\u00eds que ha adquirit el Ministeri de Sanitat per a compensar el d\u00e8ficit de vacunes que ha patit la Comunitat a causa de la vacunaci\u00f3 a persones desplazadzs i per la distribuci\u00f3 de vacunes que es va realitzar a l&#8217;inici de la pand\u00e8mia per a protegir la poblaci\u00f3 major. Per aix\u00f2, a l&#8217;agost la Comunitat Valenciana rebr\u00e0 243.970 dosi extra, \u00e9s a dir, finalment arribaran m\u00e9s del doble de vacunes previstes de Moderna, en total 441.570 dosi.<\/p>\n\n\n\n<p>Amb aix\u00f2, &#8220;podrem accelerar encara m\u00e9s la vacunaci\u00f3 dels joves i complir aix\u00ed amb les metes que tenim marcades. L&#8217;objectiu \u00e9s que el pr\u00f2xim 9 d&#8217;Octubre el 70% de la poblaci\u00f3 major de 12 anys haur\u00e0 rebut la pauta completa&#8221;, ha indicat la titular de Sanitat.<\/p>\n\n\n\n<p>En aquesta l\u00ednia, Barcel\u00f3 ha volgut ressaltar la import\u00e0ncia de la vacuna. &#8220;Les vacunes funcionen. De fet, estan demostrant la seua efic\u00e0cia perqu\u00e8 des que va finalitzar el proc\u00e9s de vacunaci\u00f3 de les persones majors no s&#8217;ha hagut de lamentar cap defunci\u00f3 per COVID en centres de majors de cap resident de la Comunitrat Valenciana&#8221;.<\/p>\n\n\n\n<p>A m\u00e9s, el proc\u00e9s d&#8217;immunitzaci\u00f3 ha contribu\u00eft a reduir dr\u00e0sticament no sols les defuncions sin\u00f3 els quadres greus de la malaltia entre la poblaci\u00f3 amb la pauta completa. Per tant, la consellera de Sanitat ha insistit en la import\u00e0ncia de vacunar-se, &#8220;ja que la vacuna Covid-19 \u00e9s un s\u00edmbol d&#8217;esperan\u00e7a i un pas m\u00e9s per a acabar amb la pand\u00e8mia&#8221;.<\/p>\n\n\n\n<p>En aquests moments &#8220;en la Comunitat Valenciana estem comen\u00e7ant a frenar el ritme de creixement de la transmissi\u00f3 del virus. Ho estem fent gr\u00e0cies a la responsabilitat demostrada per la ciutadania que una vegada m\u00e9s est\u00e0 complint de manera majorit\u00e0ria les mesures que s&#8217;han anat actualitzant en les \u00faltimes setmanes&#8221;, ha assegurat Barcel\u00f3.<\/p>\n\n\n\n<p><strong>M\u00e9s de 13.800 refor\u00e7os en la xarxa sanit\u00e0ria p\u00fablica<\/strong><\/p>\n\n\n\n<p>Durant la seua compareixen\u00e7a, Barcel\u00f3 ha elogiat la labor que han realitzat i que estan realitzant els professionals de la sanitat i ha volgut agrair l&#8217;immens esfor\u00e7 &#8220;ja que han demostrat una enorme capacitat de resposta als hospitals, centres de salut, urg\u00e8ncies, etc, i ara tamb\u00e9 en el proc\u00e9s de vacunaci\u00f3&#8221;.<\/p>\n\n\n\n<p>En aquest sentit, la consellera de Sanitat ha destacat que &#8220;des de Sanitat continuarem enfortint el sistema sanitari i el continuarem adaptant&#8221;. De fet, en aquests moments la xarxa p\u00fablica sanit\u00e0ria compta amb un refor\u00e7 de 13.803 professionals, gr\u00e0cies als contractes que s&#8217;han renovat del pla de vacances i els nous rastrejadors.<\/p>\n\n\n\n<p>En concret, per a refor\u00e7ar el sistema sanitari durant la pand\u00e8mia s&#8217;ha refor\u00e7at la plantilla habitual de 2020 en 9.045 professionals, a m\u00e9s s&#8217;han renovat 6.053 contractes i s&#8217;ha renovat al personal d&#8217;infermeria, 900 professionals.<\/p>\n\n\n\n<p>D&#8217;altra banda, per a cobrir el Pla de Vacances i de refor\u00e7 d&#8217;estiu s&#8217;han realitzat 7.300 nous contractes i s&#8217;han contractat 450 rastrejadors per a refor\u00e7ar el seguiment de casos Covid-109.<\/p>\n\n\n\n<p><strong>Adaptaci\u00f3 i digitalitzaci\u00f3 del sistema sanitari<\/strong><\/p>\n\n\n\n<p>Un altre dels aspectes que ha destacat la consellera durant la seua compareixen\u00e7a ha sigut l&#8217;adaptaci\u00f3 del sistema sanitari a la nova realitat de la pand\u00e8mia. En aquest sentit, ha destacat la utilitzaci\u00f3 de les Tecnologies de la Informaci\u00f3 i la Comunicaci\u00f3.<\/p>\n\n\n\n<p>Aix\u00ed, la pand\u00e8mia ha accelerat i ampliat l&#8217;atenci\u00f3 telef\u00f2nica en Atenci\u00f3 prim\u00e0ria, passant de 42.000 trucades telef\u00f2niques a m\u00e9s d&#8217;1 mili\u00f3 mensuals. A m\u00e9s, s&#8217;ha creat un Call Center per a l&#8217;atenci\u00f3 Covid-19. A m\u00e9s, la majoria de pacients que sol\u00b7liciten cita per la web o en l&#8217;APP selecciona l&#8217;atenci\u00f3 telef\u00f2nica, el 57% dels casos enfront del 43%.<\/p>\n\n\n\n<p>Segons ha explicat Barcel\u00f3, &#8220;durant la pand\u00e8mia s&#8217;ha hagut de dur a terme un desplegament tecnol\u00f2gic i una digitalitzaci\u00f3 sense precedents&#8221;. En aquest sentit, ha destacat les facilitats que s&#8217;ha oferit als ciutadans perqu\u00e8 accedisquen a dades cl\u00edniques sense necessitat de despla\u00e7ar-se.<\/p>\n\n\n\n<p>A m\u00e9s, s&#8217;ha ampliat la tramitaci\u00f3 electr\u00f2nica de la targeta sanit\u00e0ria SIP. En concret, 300.000 ciutadans de la Comunitat han accedit als tr\u00e0mits habilitats.<\/p>\n\n\n\n<p>Segons ha manifestat la consellera, &#8220;continuem avan\u00e7ant en la implantaci\u00f3 de nombrosos projectes relacionats amb l&#8217;atenci\u00f3 al pacient i la seua relaci\u00f3 amb el sistema sanitari&#8221;. De fet, ha destacat que s&#8217;est\u00e0 implantant la teleconsulta de manera progressiva permetent per a comunicar-se per veu i per xat amb els professionals&#8221;.<\/p>\n\n\n\n<p>En definitiva, des de la Conselleria de Sanitat s&#8217;ha anat adaptant el sistema sanitari a la realitat de la pand\u00e8mia amb la finalitat de prestar la millor atenci\u00f3 sanit\u00e0ria a la ciutadania.<\/p>\n\n\n\n<p><\/p>\n","protected":false},"excerpt":{"rendered":"<div class=\"mh-excerpt\">La consellera destaca que la Comunitat compta amb una de les taxes m\u00e9s altes del m\u00f3n amb poblaci\u00f3 vacunada amb pauta completa Barcel\u00f3 ha agra\u00eft i elogiat &#8220;el treball que estan realitzat els professionals de <a class=\"mh-excerpt-more\" href=\"https:\/\/www.tucomarca.com\/wordpress\/segunda\/ca\/barcelo-destaca-lavancament-de-la-vacunacio-entre-els-joves-i-el-reforc-del-sistema-sanitari-amb-13-803-professionals-per-a-fer-front-al-covid-19\/\" title=\"Barcel\u00f3 destaca l&#8217;avan\u00e7ament de la vacunaci\u00f3 entre els joves i el refor\u00e7 del sistema sanitari amb 13.803 professionals per a fer front al Covid-19\">[+] <\/a><\/div>\n","protected":false},"author":12,"featured_media":138450,"comment_status":"open","ping_status":"open","sticky":false,"template":"","format":"standard","meta":{"footnotes":""},"categories":[10890,10951,10892,11010,12202,11046,10898,10948,10963,10894,10904,10912,10902,10903,10947,10909,10896,10897],"tags":[12165,11939,11940,15163],"class_list":{"0":"post-138451","1":"post","2":"type-post","3":"status-publish","4":"format-standard","5":"has-post-thumbnail","7":"category-ademus","8":"category-ayora-cofrentes-ca","9":"category-camp-de-turia-ca","10":"category-canal-salud","11":"category-covid-19-ca","12":"category-los-serranos-ca","13":"category-ventana-ca","14":"category-infraestructuras-ca","15":"category-la-canal-de-navarres-ca","16":"category-la-comarca-ca","17":"category-sin-categorizar-ca","18":"category-la-hoya-ca","19":"category-la-ribera-ca","20":"category-medio-ambiente-la-comarca-ca","21":"category-politica","22":"category-requena-utiel-ca","23":"category-seccion-ca","24":"category-sucesos-la-comarca-ca","25":"tag-conselleria-de-sanitat-ca","26":"tag-coronavirus-ca","27":"tag-covid-19-ca","28":"tag-vacunacion-jovenes-ca"},"_links":{"self":[{"href":"https:\/\/www.tucomarca.com\/wordpress\/segunda\/ca\/wp-json\/wp\/v2\/posts\/138451","targetHints":{"allow":["GET"]}}],"collection":[{"href":"https:\/\/www.tucomarca.com\/wordpress\/segunda\/ca\/wp-json\/wp\/v2\/posts"}],"about":[{"href":"https:\/\/www.tucomarca.com\/wordpress\/segunda\/ca\/wp-json\/wp\/v2\/types\/post"}],"author":[{"embeddable":true,"href":"https:\/\/www.tucomarca.com\/wordpress\/segunda\/ca\/wp-json\/wp\/v2\/users\/12"}],"replies":[{"embeddable":true,"href":"https:\/\/www.tucomarca.com\/wordpress\/segunda\/ca\/wp-json\/wp\/v2\/comments?post=138451"}],"version-history":[{"count":0,"href":"https:\/\/www.tucomarca.com\/wordpress\/segunda\/ca\/wp-json\/wp\/v2\/posts\/138451\/revisions"}],"wp:featuredmedia":[{"embeddable":true,"href":"https:\/\/www.tucomarca.com\/wordpress\/segunda\/ca\/wp-json\/wp\/v2\/media\/138450"}],"wp:attachment":[{"href":"https:\/\/www.tucomarca.com\/wordpress\/segunda\/ca\/wp-json\/wp\/v2\/media?parent=138451"}],"wp:term":[{"taxonomy":"category","embeddable":true,"href":"https:\/\/www.tucomarca.com\/wordpress\/segunda\/ca\/wp-json\/wp\/v2\/categories?post=138451"},{"taxonomy":"post_tag","embeddable":true,"href":"https:\/\/www.tucomarca.com\/wordpress\/segunda\/ca\/wp-json\/wp\/v2\/tags?post=138451"}],"curies":[{"name":"wp","href":"https:\/\/api.w.org\/{rel}","templated":true}]}}