{"id":138491,"date":"2021-07-27T13:00:00","date_gmt":"2021-07-27T12:00:00","guid":{"rendered":"http:\/\/www.tucomarca.com\/wordpress\/segunda\/?p=138491"},"modified":"2021-07-27T18:17:52","modified_gmt":"2021-07-27T17:17:52","slug":"les-tempestes-de-dilluns-deixen-importants-danys-en-cultius-agricoles-i-en-infraestructures-dutiel-requena","status":"publish","type":"post","link":"https:\/\/www.tucomarca.com\/wordpress\/segunda\/ca\/les-tempestes-de-dilluns-deixen-importants-danys-en-cultius-agricoles-i-en-infraestructures-dutiel-requena\/","title":{"rendered":"Les tempestes de dilluns deixen importants danys en cultius agr\u00edcoles i en infraestructures d&#8217;Utiel-Requena"},"content":{"rendered":"\n<p>Les fortes tempestes que en el mat\u00ed d&#8217;ahir van afectar a Requena-Utiel, deixant fins a 50 litres per metre quadrat d&#8217;aigua de pluja en la pedania requenense dels Ducs, tamb\u00e9 van causar danys per calamarsa en moltes parcel\u00b7les de vinya i oliveres.<br>Vinyes de la pedania de Camp Arcis, en el municipi de Requena van ser els m\u00e9s afectats per la calamarsa; per\u00f2 tamb\u00e9 s&#8217;observen danys en paratges del llogaret dels Ducs, tamb\u00e9 en el terme de Requena,segons els viticultors.<br>Un altre viticultor va afirmar que, en el paratge Corral de Casero, d&#8217;Utiel , tamb\u00e9 va causar molt de mal la pedra, en els cultius agr\u00edcoles.<br>A les p\u00e8rdues causades en les collites pel s\u00f2lid meteor cal sumar els danys que la pluja torrencial va causar per arrossegament de terres, erosions i enderrocaments en murs de ma\u00e7oneria. Informa, Luis Ib\u00e1\u00f1ez.<\/p>\n\n\n\n<p><\/p>\n","protected":false},"excerpt":{"rendered":"<div class=\"mh-excerpt\">Les fortes tempestes que en el mat\u00ed d&#8217;ahir van afectar a Requena-Utiel, deixant fins a 50 litres per metre quadrat d&#8217;aigua de pluja en la pedania requenense dels Ducs, tamb\u00e9 van causar danys per calamarsa <a class=\"mh-excerpt-more\" href=\"https:\/\/www.tucomarca.com\/wordpress\/segunda\/ca\/les-tempestes-de-dilluns-deixen-importants-danys-en-cultius-agricoles-i-en-infraestructures-dutiel-requena\/\" title=\"Les tempestes de dilluns deixen importants danys en cultius agr\u00edcoles i en infraestructures d&#8217;Utiel-Requena\">[+] <\/a><\/div>\n","protected":false},"author":12,"featured_media":138490,"comment_status":"open","ping_status":"open","sticky":false,"template":"","format":"standard","meta":{"footnotes":""},"categories":[10905,11030,11031,11032,11054,10898,11055,10948,10894,11056,10903,10908,10909,11057,10896,11058,10897,11059,11060,11061],"tags":[15169,13134,11459],"class_list":{"0":"post-138491","1":"post","2":"type-post","3":"status-publish","4":"format-standard","5":"has-post-thumbnail","7":"category-agricultura-la-comarca-ca","8":"category-campo-arcis-ca","9":"category-camporrobles-ca","10":"category-caudete-ca","11":"category-chera-ca","12":"category-ventana-ca","13":"category-fuenterrobles-ca","14":"category-infraestructuras-ca","15":"category-la-comarca-ca","16":"category-las-cuevas-ca","17":"category-medio-ambiente-la-comarca-ca","18":"category-requena-ca","19":"category-requena-utiel-ca","20":"category-san-antonio-ca","21":"category-seccion-ca","22":"category-sinarcas-ca","23":"category-sucesos-la-comarca-ca","24":"category-utiel-ca","25":"category-venta-del-moro-ca","26":"category-villargordo-del-cabriel-ca","27":"tag-cultivos-agricolas-ca","28":"tag-tormentas-ca","29":"tag-utiel-requena-ca"},"_links":{"self":[{"href":"https:\/\/www.tucomarca.com\/wordpress\/segunda\/ca\/wp-json\/wp\/v2\/posts\/138491","targetHints":{"allow":["GET"]}}],"collection":[{"href":"https:\/\/www.tucomarca.com\/wordpress\/segunda\/ca\/wp-json\/wp\/v2\/posts"}],"about":[{"href":"https:\/\/www.tucomarca.com\/wordpress\/segunda\/ca\/wp-json\/wp\/v2\/types\/post"}],"author":[{"embeddable":true,"href":"https:\/\/www.tucomarca.com\/wordpress\/segunda\/ca\/wp-json\/wp\/v2\/users\/12"}],"replies":[{"embeddable":true,"href":"https:\/\/www.tucomarca.com\/wordpress\/segunda\/ca\/wp-json\/wp\/v2\/comments?post=138491"}],"version-history":[{"count":0,"href":"https:\/\/www.tucomarca.com\/wordpress\/segunda\/ca\/wp-json\/wp\/v2\/posts\/138491\/revisions"}],"wp:featuredmedia":[{"embeddable":true,"href":"https:\/\/www.tucomarca.com\/wordpress\/segunda\/ca\/wp-json\/wp\/v2\/media\/138490"}],"wp:attachment":[{"href":"https:\/\/www.tucomarca.com\/wordpress\/segunda\/ca\/wp-json\/wp\/v2\/media?parent=138491"}],"wp:term":[{"taxonomy":"category","embeddable":true,"href":"https:\/\/www.tucomarca.com\/wordpress\/segunda\/ca\/wp-json\/wp\/v2\/categories?post=138491"},{"taxonomy":"post_tag","embeddable":true,"href":"https:\/\/www.tucomarca.com\/wordpress\/segunda\/ca\/wp-json\/wp\/v2\/tags?post=138491"}],"curies":[{"name":"wp","href":"https:\/\/api.w.org\/{rel}","templated":true}]}}