{"id":139010,"date":"2021-08-06T10:10:00","date_gmt":"2021-08-06T09:10:00","guid":{"rendered":"http:\/\/www.tucomarca.com\/wordpress\/segunda\/?p=139010"},"modified":"2021-08-06T20:44:42","modified_gmt":"2021-08-06T19:44:42","slug":"pablo-balanza-nou-director-adjunt-del-circuit-ricardo-tormo","status":"publish","type":"post","link":"https:\/\/www.tucomarca.com\/wordpress\/segunda\/ca\/pablo-balanza-nou-director-adjunt-del-circuit-ricardo-tormo\/","title":{"rendered":"Pablo Balanz\u00e1 nou director adjunt del Circuit Ricardo Tormo"},"content":{"rendered":"\n<p>El Consell d&#8217;Administraci\u00f3 de Circuit del Motor i Promoci\u00f3 Esportiva SA, societat gestora del Circuit Ricardo Tormo, ha nomenat Pablo Balanz\u00e1 director adjunt de l&#8217;entitat.&nbsp;<\/p>\n\n\n\n<p>Balanz\u00e1 \u00e9s llicenciat en Economia per la Universitat de Val\u00e8ncia i ha cursat tamb\u00e9 estudis universitaris al Regne Unit. L&#8217;economista valenci\u00e0, nascut en 1978, t\u00e9 15 anys d&#8217;experi\u00e8ncia en la gesti\u00f3 i direcci\u00f3 de diverses companyies tant a Espanya com als Estats Units a trav\u00e9s de diferents empreses consultores.&nbsp;<\/p>\n\n\n\n<p>En aquests anys, Balanz\u00e1 ha dirigit m\u00e9s de 60 plans de millora de resultats en aquestes empreses en les quals va aconseguir increments importants en la seua rendibilitat, aix\u00ed com la millora i l&#8217;impuls de la seua capacitat competitiva.&nbsp;<\/p>\n\n\n\n<p><strong>Funcions<\/strong><\/p>\n\n\n\n<p>Entre les funcions del nou director adjunt del Circuit Ricardo Tormo destaca la coordinaci\u00f3, la planificaci\u00f3 i l&#8217;execuci\u00f3 dels acords presos pel consell d&#8217;administraci\u00f3 de l&#8217;entitat, la supervisi\u00f3 del funcionament del Circuit, en el seu sentit m\u00e9s ampli, la col\u00b7laboraci\u00f3 a l&#8217;hora d&#8217;elaborar els pressupostos i les relacions amb el govern valenci\u00e0 i el seu sector p\u00fablic, tot aix\u00f2 juntament amb el director general del Circuit Gonzalo Gobert.&nbsp;<\/p>\n\n\n\n<p>Aix\u00ed mateix, Pablo Balanz\u00e1 dirigir\u00e0 i coordinar\u00e0 el CETDM (Centre Especialitzat de Tecnificaci\u00f3 Esportiva del Motor), dependent de les instal\u00b7lacions de Cheste i es far\u00e0 c\u00e0rrec de la subscripci\u00f3 dels contractes laborals del Circuit.<\/p>\n","protected":false},"excerpt":{"rendered":"<div class=\"mh-excerpt\">El Consell d&#8217;Administraci\u00f3 de Circuit del Motor i Promoci\u00f3 Esportiva SA, societat gestora del Circuit Ricardo Tormo, ha nomenat Pablo Balanz\u00e1 director adjunt de l&#8217;entitat.&nbsp; Balanz\u00e1 \u00e9s llicenciat en Economia per la Universitat de Val\u00e8ncia <a class=\"mh-excerpt-more\" href=\"https:\/\/www.tucomarca.com\/wordpress\/segunda\/ca\/pablo-balanza-nou-director-adjunt-del-circuit-ricardo-tormo\/\" title=\"Pablo Balanz\u00e1 nou director adjunt del Circuit Ricardo Tormo\">[+] <\/a><\/div>\n","protected":false},"author":12,"featured_media":139008,"comment_status":"open","ping_status":"open","sticky":false,"template":"","format":"standard","meta":{"footnotes":""},"categories":[11017,11003,10894,10904,10912,11011,10896,10974],"tags":[11071,11348,10914],"class_list":{"0":"post-139010","1":"post","2":"type-post","3":"status-publish","4":"format-standard","5":"has-post-thumbnail","7":"category-automovilismo-ca","8":"category-sports","9":"category-la-comarca-ca","10":"category-sin-categorizar-ca","11":"category-la-hoya-ca","12":"category-motociclismo-ca","13":"category-seccion-ca","14":"category-cheste-ca","15":"tag-cheste","16":"tag-circuito-de-cheste-ca","17":"tag-la-hoya-de-bunol-chiva-ca"},"_links":{"self":[{"href":"https:\/\/www.tucomarca.com\/wordpress\/segunda\/ca\/wp-json\/wp\/v2\/posts\/139010","targetHints":{"allow":["GET"]}}],"collection":[{"href":"https:\/\/www.tucomarca.com\/wordpress\/segunda\/ca\/wp-json\/wp\/v2\/posts"}],"about":[{"href":"https:\/\/www.tucomarca.com\/wordpress\/segunda\/ca\/wp-json\/wp\/v2\/types\/post"}],"author":[{"embeddable":true,"href":"https:\/\/www.tucomarca.com\/wordpress\/segunda\/ca\/wp-json\/wp\/v2\/users\/12"}],"replies":[{"embeddable":true,"href":"https:\/\/www.tucomarca.com\/wordpress\/segunda\/ca\/wp-json\/wp\/v2\/comments?post=139010"}],"version-history":[{"count":0,"href":"https:\/\/www.tucomarca.com\/wordpress\/segunda\/ca\/wp-json\/wp\/v2\/posts\/139010\/revisions"}],"wp:featuredmedia":[{"embeddable":true,"href":"https:\/\/www.tucomarca.com\/wordpress\/segunda\/ca\/wp-json\/wp\/v2\/media\/139008"}],"wp:attachment":[{"href":"https:\/\/www.tucomarca.com\/wordpress\/segunda\/ca\/wp-json\/wp\/v2\/media?parent=139010"}],"wp:term":[{"taxonomy":"category","embeddable":true,"href":"https:\/\/www.tucomarca.com\/wordpress\/segunda\/ca\/wp-json\/wp\/v2\/categories?post=139010"},{"taxonomy":"post_tag","embeddable":true,"href":"https:\/\/www.tucomarca.com\/wordpress\/segunda\/ca\/wp-json\/wp\/v2\/tags?post=139010"}],"curies":[{"name":"wp","href":"https:\/\/api.w.org\/{rel}","templated":true}]}}