{"id":139103,"date":"2021-08-08T22:00:00","date_gmt":"2021-08-08T21:00:00","guid":{"rendered":"http:\/\/www.tucomarca.com\/wordpress\/segunda\/?p=139103"},"modified":"2021-08-09T21:05:07","modified_gmt":"2021-08-09T20:05:07","slug":"el-consorci-provincial-de-bombers-extingeix-un-incendi-forestal-declarat-en-la-mediera-de-xiva","status":"publish","type":"post","link":"https:\/\/www.tucomarca.com\/wordpress\/segunda\/ca\/el-consorci-provincial-de-bombers-extingeix-un-incendi-forestal-declarat-en-la-mediera-de-xiva\/","title":{"rendered":"El Consorci Provincial de Bombers extingeix un incendi forestal declarat en &#8220;La Mediera&#8221; de Xiva"},"content":{"rendered":"\n<p>Dues unitats de bombers del Consorci Provincial de Bombers han extingit un incendi forestal en La Mediera, terme municipal de Xiva, prop d&#8217;una urbanitzaci\u00f3.<br>La r\u00e0pida actuaci\u00f3 de la Policia Local, que van ser els primers a arribar a la zona alertats pels ve\u00efns, als quals es van unir posteriorment dues autobombes, un agent mediambiental, dues unitats de prevenci\u00f3 d&#8217;incendis i dues dotacions del Consorci, aix\u00ed com un helic\u00f2pter de la Generalitat i la Gu\u00e0rdia Civil.<br>Els efectius es van despla\u00e7ar r\u00e0pidament fins al lloc de l&#8217;incendi el que va permetre controlar l&#8217;incendi la nit del dissabte. Els ve\u00efns ja es trobaven sufocant el foc quan van arribar la Policia, que es va unir a les labors, i despr\u00e9s els bombers que es van fer c\u00e0rrec de la situaci\u00f3.<br>El 112 va informar primera hora d&#8217;aquest diumenge que el foc estava estabilitzat i, en una actualitzaci\u00f3 a les 14,00 hores, va informar que s&#8217;ha extingit.<\/p>\n","protected":false},"excerpt":{"rendered":"<div class=\"mh-excerpt\">Dues unitats de bombers del Consorci Provincial de Bombers han extingit un incendi forestal en La Mediera, terme municipal de Xiva, prop d&#8217;una urbanitzaci\u00f3.La r\u00e0pida actuaci\u00f3 de la Policia Local, que van ser els primers <a class=\"mh-excerpt-more\" href=\"https:\/\/www.tucomarca.com\/wordpress\/segunda\/ca\/el-consorci-provincial-de-bombers-extingeix-un-incendi-forestal-declarat-en-la-mediera-de-xiva\/\" title=\"El Consorci Provincial de Bombers extingeix un incendi forestal declarat en &#8220;La Mediera&#8221; de Xiva\">[+] <\/a><\/div>\n","protected":false},"author":12,"featured_media":139102,"comment_status":"open","ping_status":"open","sticky":false,"template":"","format":"standard","meta":{"footnotes":""},"categories":[10898,10948,10894,10912,10903,10896,10897,10975],"tags":[11195,12834,13724,10914],"class_list":{"0":"post-139103","1":"post","2":"type-post","3":"status-publish","4":"format-standard","5":"has-post-thumbnail","7":"category-ventana-ca","8":"category-infraestructuras-ca","9":"category-la-comarca-ca","10":"category-la-hoya-ca","11":"category-medio-ambiente-la-comarca-ca","12":"category-seccion-ca","13":"category-sucesos-la-comarca-ca","14":"category-chiva-ca","15":"tag-chiva-ca","16":"tag-consorcio-provincial-de-bomberos-de-valencia-ca","17":"tag-incendio-forestal-ca","18":"tag-la-hoya-de-bunol-chiva-ca"},"_links":{"self":[{"href":"https:\/\/www.tucomarca.com\/wordpress\/segunda\/ca\/wp-json\/wp\/v2\/posts\/139103","targetHints":{"allow":["GET"]}}],"collection":[{"href":"https:\/\/www.tucomarca.com\/wordpress\/segunda\/ca\/wp-json\/wp\/v2\/posts"}],"about":[{"href":"https:\/\/www.tucomarca.com\/wordpress\/segunda\/ca\/wp-json\/wp\/v2\/types\/post"}],"author":[{"embeddable":true,"href":"https:\/\/www.tucomarca.com\/wordpress\/segunda\/ca\/wp-json\/wp\/v2\/users\/12"}],"replies":[{"embeddable":true,"href":"https:\/\/www.tucomarca.com\/wordpress\/segunda\/ca\/wp-json\/wp\/v2\/comments?post=139103"}],"version-history":[{"count":0,"href":"https:\/\/www.tucomarca.com\/wordpress\/segunda\/ca\/wp-json\/wp\/v2\/posts\/139103\/revisions"}],"wp:featuredmedia":[{"embeddable":true,"href":"https:\/\/www.tucomarca.com\/wordpress\/segunda\/ca\/wp-json\/wp\/v2\/media\/139102"}],"wp:attachment":[{"href":"https:\/\/www.tucomarca.com\/wordpress\/segunda\/ca\/wp-json\/wp\/v2\/media?parent=139103"}],"wp:term":[{"taxonomy":"category","embeddable":true,"href":"https:\/\/www.tucomarca.com\/wordpress\/segunda\/ca\/wp-json\/wp\/v2\/categories?post=139103"},{"taxonomy":"post_tag","embeddable":true,"href":"https:\/\/www.tucomarca.com\/wordpress\/segunda\/ca\/wp-json\/wp\/v2\/tags?post=139103"}],"curies":[{"name":"wp","href":"https:\/\/api.w.org\/{rel}","templated":true}]}}