{"id":139282,"date":"2021-08-11T20:00:00","date_gmt":"2021-08-11T19:00:00","guid":{"rendered":"http:\/\/www.tucomarca.com\/wordpress\/segunda\/?p=139282"},"modified":"2021-08-12T08:38:43","modified_gmt":"2021-08-12T07:38:43","slug":"la-comissio-de-la-festa-del-manto-de-la-sm-lartistica-de-bunyol-organitza-un-acte-simbolic-en-el-seu-moment-gran","status":"publish","type":"post","link":"https:\/\/www.tucomarca.com\/wordpress\/segunda\/ca\/la-comissio-de-la-festa-del-manto-de-la-sm-lartistica-de-bunyol-organitza-un-acte-simbolic-en-el-seu-moment-gran\/","title":{"rendered":"La Comissi\u00f3 de la Festa del Mant\u00f3 de la SM &#8220;L&#8217;Art\u00edstica&#8221; de Bunyol organitza un acte simb\u00f2lic en el seu moment gran"},"content":{"rendered":"\n<p>Despr\u00e9s de la suspensi\u00f3 de la Fira i Festes d&#8217;enguany, la Comissi\u00f3 de la Festa del Mant\u00f3 organitza un Acte Simb\u00f2lic que tindr\u00e0 lloc diumenge que ve 22 d&#8217;agost, data en la qual se celebraria el dia gran de l&#8217;Art\u00edstica, a la porta principal del Teatre Montecarlo de 12 a 14 hores.&nbsp;<\/p>\n\n\n\n<p>L&#8217;acte, presidit per les Reines del Mant\u00f3 i Representant de 2019, consistir\u00e0 a completar el monument que la Comissi\u00f3 ha preparat amb fotografies relacionades amb la Festa del Mant\u00f3, sempre c\u00f2pies de l&#8217;original, engalanant-se amb records de l&#8217;ofrena, carrosses, comparses, regnats, Mantoneros, col\u00b7laboradors, penyes, etc. donant un valor sentimental a l&#8217;acte i recordant la Festa en tota la seua esplendor.\u00a0<\/p>\n\n\n\n<p>Cadascun dels participants col\u00b7locar\u00e0 el seu record en el monument, que un vegada completat, quedar\u00e0 exposat en el Teatre Montecarlo durant un temps. A m\u00e9s, l&#8217;acte tindr\u00e0 un car\u00e0cter solidari, com ja va oc\u00f3rrer amb l&#8217;acte de 2020, ja que s&#8217;ha organitzat una recollida d&#8217;aliments a favor de Mans Unides i C\u00e0ritas.&nbsp;<\/p>\n\n\n\n<p>Tot aquell que per algun motiu no puga assistir per\u00f2 vulga participar amb la seua fotografia, pot depositar-la fins divendres que ve 20 d&#8217;Agost en la b\u00fastia situada en l&#8217;entrada del local social Rosers o en Secretaria, o b\u00e9 entregar-la a qualsevol membre de la Comissi\u00f3 de la Festa del Mant\u00f3.<br>La Comissi\u00f3 de la Festa del Mant\u00f3 i la Junta Directiva agraeix per endavant la col\u00b7laboraci\u00f3 i responsabilitat dels participants, respectant les mesures Anti Covid de l&#8217;acte, sent obligatori l&#8217;\u00fas de m\u00e0scara i gel, la dist\u00e0ncia interpersonal i la presa de temperatura i dades en l&#8217;acc\u00e9s.<\/p>\n\n\n\n<p>Des de la Comissi\u00f3 de la Festa del Mant\u00f3 es convida als socis i simpatitzants de l&#8217;Art\u00edstica a compartir els seus records en aquest acte i aconseguir aix\u00ed que el Dia del Mant\u00f3 2021 siga un dia especial per als Lletjos.<\/p>\n\n\n\n<p><\/p>\n","protected":false},"excerpt":{"rendered":"<div class=\"mh-excerpt\">Despr\u00e9s de la suspensi\u00f3 de la Fira i Festes d&#8217;enguany, la Comissi\u00f3 de la Festa del Mant\u00f3 organitza un Acte Simb\u00f2lic que tindr\u00e0 lloc diumenge que ve 22 d&#8217;agost, data en la qual se celebraria <a class=\"mh-excerpt-more\" href=\"https:\/\/www.tucomarca.com\/wordpress\/segunda\/ca\/la-comissio-de-la-festa-del-manto-de-la-sm-lartistica-de-bunyol-organitza-un-acte-simbolic-en-el-seu-moment-gran\/\" title=\"La Comissi\u00f3 de la Festa del Mant\u00f3 de la SM &#8220;L&#8217;Art\u00edstica&#8221; de Bunyol organitza un acte simb\u00f2lic en el seu moment gran\">[+] <\/a><\/div>\n","protected":false},"author":12,"featured_media":139281,"comment_status":"open","ping_status":"open","sticky":false,"template":"","format":"standard","meta":{"footnotes":""},"categories":[11019,10911,10894,10912,11007,11008,10896],"tags":[10913,15287,10914,11154],"class_list":{"0":"post-139282","1":"post","2":"type-post","3":"status-publish","4":"format-standard","5":"has-post-thumbnail","7":"category-agenda-ca","8":"category-bunol-ca","9":"category-la-comarca-ca","10":"category-la-hoya-ca","11":"category-ocio-y-cultura-ca","12":"category-pueblos-en-fiestas-ca","13":"category-seccion-ca","14":"tag-bunol-ca","15":"tag-fiesta-del-manton-2021-ca","16":"tag-la-hoya-de-bunol-chiva-ca","17":"tag-sm-la-artistica-de-bunol-ca"},"_links":{"self":[{"href":"https:\/\/www.tucomarca.com\/wordpress\/segunda\/ca\/wp-json\/wp\/v2\/posts\/139282","targetHints":{"allow":["GET"]}}],"collection":[{"href":"https:\/\/www.tucomarca.com\/wordpress\/segunda\/ca\/wp-json\/wp\/v2\/posts"}],"about":[{"href":"https:\/\/www.tucomarca.com\/wordpress\/segunda\/ca\/wp-json\/wp\/v2\/types\/post"}],"author":[{"embeddable":true,"href":"https:\/\/www.tucomarca.com\/wordpress\/segunda\/ca\/wp-json\/wp\/v2\/users\/12"}],"replies":[{"embeddable":true,"href":"https:\/\/www.tucomarca.com\/wordpress\/segunda\/ca\/wp-json\/wp\/v2\/comments?post=139282"}],"version-history":[{"count":0,"href":"https:\/\/www.tucomarca.com\/wordpress\/segunda\/ca\/wp-json\/wp\/v2\/posts\/139282\/revisions"}],"wp:featuredmedia":[{"embeddable":true,"href":"https:\/\/www.tucomarca.com\/wordpress\/segunda\/ca\/wp-json\/wp\/v2\/media\/139281"}],"wp:attachment":[{"href":"https:\/\/www.tucomarca.com\/wordpress\/segunda\/ca\/wp-json\/wp\/v2\/media?parent=139282"}],"wp:term":[{"taxonomy":"category","embeddable":true,"href":"https:\/\/www.tucomarca.com\/wordpress\/segunda\/ca\/wp-json\/wp\/v2\/categories?post=139282"},{"taxonomy":"post_tag","embeddable":true,"href":"https:\/\/www.tucomarca.com\/wordpress\/segunda\/ca\/wp-json\/wp\/v2\/tags?post=139282"}],"curies":[{"name":"wp","href":"https:\/\/api.w.org\/{rel}","templated":true}]}}