{"id":139307,"date":"2021-08-12T09:00:00","date_gmt":"2021-08-12T08:00:00","guid":{"rendered":"http:\/\/www.tucomarca.com\/wordpress\/segunda\/?p=139307"},"modified":"2021-08-12T20:19:26","modified_gmt":"2021-08-12T19:19:26","slug":"mes-de-300-professionals-participen-en-les-sessions-de-suport-psicologic-de-lhospital-universitari-de-la-ribera","status":"publish","type":"post","link":"https:\/\/www.tucomarca.com\/wordpress\/segunda\/ca\/mes-de-300-professionals-participen-en-les-sessions-de-suport-psicologic-de-lhospital-universitari-de-la-ribera\/","title":{"rendered":"M\u00e9s de 300 professionals participen en les sessions de suport psicol\u00f2gic de l&#8217;Hospital Universitari de la Ribera"},"content":{"rendered":"\n<h4 class=\"wp-block-heading\">S&#8217;han organitzat xarrades, grups terap\u00e8utics i tallers amb la finalitat d&#8217;abordar els efectes psicol\u00f2gics derivats de la pand\u00e8mia de coronavirus<\/h4>\n\n\n\n<h4 class=\"wp-block-heading\">Tamb\u00e9 s&#8217;ha oferit atenci\u00f3 terap\u00e8utica individual als professionals sanitaris que ho han necessitat<\/h4>\n\n\n\n<h4 class=\"wp-block-heading\">L&#8217;estr\u00e9s i la inquietud que han generat les situacions dif\u00edcils amb els pacients han estat alguns dels aspectes que s&#8217;han abordat en estes sessions<\/h4>\n\n\n\n<p>M\u00e9s de 300 professionals han participat ja en les sessions de suport psicol\u00f2gic que l&#8217;Hospital de la Ribera est\u00e0 organitzant, a trav\u00e9s de la seua Unitat Funcional de Psicologia de la Salut, amb la finalitat d&#8217;abordar els efectes emocionals derivats de la pand\u00e8mia de coronavirus entre els seus treballadors.<\/p>\n\n\n\n<p>Es tracta de xarrades, grups terap\u00e8utics i tallers amb els quals es pret\u00e9n identificar els aspectes emocionals negatius que estan apareixent vinculats a la crisi actual, aix\u00ed com refor\u00e7ar i dotar d&#8217;estrat\u00e8gies i recursos als professionals perqu\u00e8 puguen fer front a estes emocions.<\/p>\n\n\n\n<p>Segons ha destacat M\u00f3nica Portillo, psic\u00f2loga cl\u00ednica de l&#8217;Hospital d&#8217;Alzira, \u201cla majoria dels professionals que treballen en l&#8217;\u00e0mbit sanitari (m\u00e8dics, infermers, administratius, personal de neteja, etc.), han viscut un dels anys m\u00e9s dif\u00edcils i duros de la seua carrera professional. L&#8217;aparici\u00f3 abrupta del virus, la seua r\u00e0pida transmissi\u00f3, la incertesa, l&#8217;alt nombre de casos i la por al contagi propi i al de la seua fam\u00edlia, han estat factors que han influ\u00eft de manera important en l&#8217;estat emocional d&#8217;estos professionals\u201d.<\/p>\n\n\n\n<p>\u201cL&#8217;objectiu de les actuacions dutes a terme \u00e9s el d&#8217;atenuar les situacions d&#8217;estr\u00e9s i inquietud que els moments dif\u00edcils viscuts amb els pacients han generat en estos treballadors\u201d, ha assenyalat Portillo.&nbsp;<\/p>\n\n\n\n<p>Segons la psic\u00f2loga cl\u00ednica, \u201cen molts casos, han estat els mateixos professionals que s&#8217;ocupen de les seues cures, els que s&#8217;han encarregat d&#8217;animar, donar coratge i acompanyar als pacients afectats, la qual cosa, sens dubte, ha acabat repercutint en el seu propi benestar psicol\u00f2gic\u201d.<\/p>\n\n\n\n<p>D&#8217;esta manera, en els \u00faltims mesos, la Unitat de Psicologia Cl\u00ednica de l&#8217;Hospital de la Ribera ha posat a la disposici\u00f3 dels treballadors un total de 39 accions per a abordar el seu estat emocional, \u201cen les quals s&#8217;han tractat aspectes com els factors que intervenen en el desenvolupament de l&#8217;estr\u00e9s i s&#8217;han treballat t\u00e8cniques cognitives i f\u00edsiques com la respiraci\u00f3 i la relaxaci\u00f3 com a suport i com a eines que ajuden a la cura f\u00edsica i emocional; s&#8217;ha parlat de les situacions viscudes que han produ\u00eft una emoci\u00f3 determinada, i s&#8217;han desenvolupat habilitats per a afrontar-les\u201d.<\/p>\n\n\n\n<p>Aix\u00ed mateix, la Unitat ha elaborat materials amb pautes i consells per a afrontar la situaci\u00f3 derivada de la pand\u00e8mia. I, en els casos en els quals els professionals han necessitat atenci\u00f3 psicoterap\u00e8utica individual, la Unitat ha at\u00e9s estos professionals, derivant-los als seus respectius centres d&#8217;Atenci\u00f3 Prim\u00e0ria quan ha estat necessari.&nbsp;<\/p>\n\n\n\n<p>Segons ha concl\u00f2s M\u00f3nica Portillo, \u201ctots estem fent un gran esfor\u00e7 per superar la pand\u00e8mia de la millor forma possible. \u00c9s important continuar cuidant-nos i respectar les normes establides per les autoritats sanit\u00e0ries i, d&#8217;esta manera, estarem tamb\u00e9 cuidant als professionals sanitaris perqu\u00e8 ells puguen, al mateix temps, ocupar-se de nosaltres en les millors condicions\u201d.<\/p>\n\n\n\n<p><\/p>\n","protected":false},"excerpt":{"rendered":"<div class=\"mh-excerpt\">S&#8217;han organitzat xarrades, grups terap\u00e8utics i tallers amb la finalitat d&#8217;abordar els efectes psicol\u00f2gics derivats de la pand\u00e8mia de coronavirus Tamb\u00e9 s&#8217;ha oferit atenci\u00f3 terap\u00e8utica individual als professionals sanitaris que ho han necessitat L&#8217;estr\u00e9s i <a class=\"mh-excerpt-more\" href=\"https:\/\/www.tucomarca.com\/wordpress\/segunda\/ca\/mes-de-300-professionals-participen-en-les-sessions-de-suport-psicologic-de-lhospital-universitari-de-la-ribera\/\" title=\"M\u00e9s de 300 professionals participen en les sessions de suport psicol\u00f2gic de l&#8217;Hospital Universitari de la Ribera\">[+] <\/a><\/div>\n","protected":false},"author":12,"featured_media":139306,"comment_status":"open","ping_status":"open","sticky":false,"template":"","format":"standard","meta":{"footnotes":""},"categories":[10889,11010,12202,10898,10948,10894,10902,10896],"tags":[11939,11940,12838,12491,11356,13963,13932],"class_list":{"0":"post-139307","1":"post","2":"type-post","3":"status-publish","4":"format-standard","5":"has-post-thumbnail","7":"category-alzira-cat","8":"category-canal-salud","9":"category-covid-19-ca","10":"category-ventana-ca","11":"category-infraestructuras-ca","12":"category-la-comarca-ca","13":"category-la-ribera-ca","14":"category-seccion-ca","15":"tag-coronavirus-ca","16":"tag-covid-19-ca","17":"tag-hospital-de-alzira-ca","18":"tag-hospital-de-la-ribera-ca","19":"tag-ribera-alta-ca","20":"tag-vacunacion-ca","21":"tag-vacunas-ca"},"_links":{"self":[{"href":"https:\/\/www.tucomarca.com\/wordpress\/segunda\/ca\/wp-json\/wp\/v2\/posts\/139307","targetHints":{"allow":["GET"]}}],"collection":[{"href":"https:\/\/www.tucomarca.com\/wordpress\/segunda\/ca\/wp-json\/wp\/v2\/posts"}],"about":[{"href":"https:\/\/www.tucomarca.com\/wordpress\/segunda\/ca\/wp-json\/wp\/v2\/types\/post"}],"author":[{"embeddable":true,"href":"https:\/\/www.tucomarca.com\/wordpress\/segunda\/ca\/wp-json\/wp\/v2\/users\/12"}],"replies":[{"embeddable":true,"href":"https:\/\/www.tucomarca.com\/wordpress\/segunda\/ca\/wp-json\/wp\/v2\/comments?post=139307"}],"version-history":[{"count":0,"href":"https:\/\/www.tucomarca.com\/wordpress\/segunda\/ca\/wp-json\/wp\/v2\/posts\/139307\/revisions"}],"wp:featuredmedia":[{"embeddable":true,"href":"https:\/\/www.tucomarca.com\/wordpress\/segunda\/ca\/wp-json\/wp\/v2\/media\/139306"}],"wp:attachment":[{"href":"https:\/\/www.tucomarca.com\/wordpress\/segunda\/ca\/wp-json\/wp\/v2\/media?parent=139307"}],"wp:term":[{"taxonomy":"category","embeddable":true,"href":"https:\/\/www.tucomarca.com\/wordpress\/segunda\/ca\/wp-json\/wp\/v2\/categories?post=139307"},{"taxonomy":"post_tag","embeddable":true,"href":"https:\/\/www.tucomarca.com\/wordpress\/segunda\/ca\/wp-json\/wp\/v2\/tags?post=139307"}],"curies":[{"name":"wp","href":"https:\/\/api.w.org\/{rel}","templated":true}]}}