{"id":139368,"date":"2021-08-12T11:00:00","date_gmt":"2021-08-12T10:00:00","guid":{"rendered":"http:\/\/www.tucomarca.com\/wordpress\/segunda\/?p=139368"},"modified":"2021-08-12T20:34:24","modified_gmt":"2021-08-12T19:34:24","slug":"el-prya-denuncia-que-tambe-el-fronto-dels-pedrones-esta-en-obres-a-lestiu-quan-mes-sutilitza","status":"publish","type":"post","link":"https:\/\/www.tucomarca.com\/wordpress\/segunda\/ca\/el-prya-denuncia-que-tambe-el-fronto-dels-pedrones-esta-en-obres-a-lestiu-quan-mes-sutilitza\/","title":{"rendered":"El PRyA den\u00fancia que tamb\u00e9 el front\u00f3 dels Pedrones est\u00e0 en obres a l&#8217;estiu, quan m\u00e9s s&#8217;utilitza"},"content":{"rendered":"\n<p>&#8220;Aquestes obres, les del front\u00f3 dels Pedrones, s\u00f3n molt demandades per la poblaci\u00f3 i molt necess\u00e0ries per la falta d&#8217;inversions i manteniment per part de l&#8217;Ajuntament al llarg dels anys, el problema, l&#8217;inici dels treballs en ple estiu quan es podrien haver comen\u00e7at en qualsevol altre mes de l&#8217;any&#8221;, serons el Partit de Requena i Llogarets, PRyA.\u00a0<\/p>\n\n\n\n<p>&#8220;Al retard de 4 setmanes en l&#8217;obertura de la piscina municipal de Requena per unes obres a destemps, s&#8217;uneixen altres 4 setmanes tamb\u00e9 de retard en l&#8217;obertura de les piscines dels llogarets i tamb\u00e9 comen\u00e7ar unes obres en el front\u00f3 del poliesportiu de Requena en ple estiu, i ara, a aquesta cadena de desprop\u00f2sits, s&#8217;uneix el comen\u00e7ament tamb\u00e9 de les obres del front\u00f3 dels Pedrones quan m\u00e9s s&#8217;utilitza, a l&#8217;estiu&#8221;.<\/p>\n\n\n\n<p>Des del Partit de Requena i Llogarets &#8220;no podem entendre com, igual que en el front\u00f3 del poliesportiu de Requena, s&#8217;inicien unes obres en un front\u00f3 situat en Els Pedrones quan m\u00e9s l&#8217;utilitzen els usuaris, que \u00e9s a l&#8217;estiu, podent haver iniciat els treballs en qualsevol altre mes de l&#8217;any&#8221;.<\/p>\n\n\n\n<p>&#8220;Ja s\u00f3n dos els frontons del municipi que no es poden utilitzar quan m\u00e9s esport es fa i quan m\u00e9s usuaris hi ha, que \u00e9s a l&#8217;estiu&#8221;.\u00a0<\/p>\n\n\n\n<p>&#8220;I no sols aix\u00f2, el front\u00f3 est\u00e0 situat en un parc del llogaret molt utilitzat pels ve\u00efns, per no parlar que l&#8217;entrada a la piscina de la poblaci\u00f3 es troba en aquest&#8221;.\u00a0<\/p>\n\n\n\n<p>Des del Partit de Requena i Llogarets &#8220;ens continua cridant l&#8217;atenci\u00f3 poderosament la programaci\u00f3 de les obres de l&#8217;Ajuntament que \u00faltimament s&#8217;estan produint, perqu\u00e8 ocasionen perjudicis als ciutadans per l&#8217;inici de les mateixes quan m\u00e9s s&#8217;utilitzen els elements en q\u00fcesti\u00f3, com han sigut els frontons de Requena i Els Pedrones, per citar nom\u00e9s alguns exemples&#8221;.\u00a0<\/p>\n\n\n\n<p>Des del Partit de Requena i Llogarets &#8220;tornem a exigir, una vegada m\u00e9s i van unes quantes, al govern requenense de PSOE i Podem que gestione de manera correcta per a no perjudicar els ciutadans, perqu\u00e8 s\u00f3n inadmissibles les situacions que estem patint els ciutadans per la seua gesti\u00f3&#8221;.<\/p>\n","protected":false},"excerpt":{"rendered":"<div class=\"mh-excerpt\">&#8220;Aquestes obres, les del front\u00f3 dels Pedrones, s\u00f3n molt demandades per la poblaci\u00f3 i molt necess\u00e0ries per la falta d&#8217;inversions i manteniment per part de l&#8217;Ajuntament al llarg dels anys, el problema, l&#8217;inici dels treballs <a class=\"mh-excerpt-more\" href=\"https:\/\/www.tucomarca.com\/wordpress\/segunda\/ca\/el-prya-denuncia-que-tambe-el-fronto-dels-pedrones-esta-en-obres-a-lestiu-quan-mes-sutilitza\/\" title=\"El PRyA den\u00fancia que tamb\u00e9 el front\u00f3 dels Pedrones est\u00e0 en obres a l&#8217;estiu, quan m\u00e9s s&#8217;utilitza\">[+] <\/a><\/div>\n","protected":false},"author":12,"featured_media":139366,"comment_status":"open","ping_status":"open","sticky":false,"template":"","format":"standard","meta":{"footnotes":""},"categories":[10948,10894,10947,10908,10909,10896],"tags":[11099,10910],"class_list":{"0":"post-139368","1":"post","2":"type-post","3":"status-publish","4":"format-standard","5":"has-post-thumbnail","7":"category-infraestructuras-ca","8":"category-la-comarca-ca","9":"category-politica","10":"category-requena-ca","11":"category-requena-utiel-ca","12":"category-seccion-ca","13":"tag-requena-ca","14":"tag-requena-utiel-ca"},"_links":{"self":[{"href":"https:\/\/www.tucomarca.com\/wordpress\/segunda\/ca\/wp-json\/wp\/v2\/posts\/139368","targetHints":{"allow":["GET"]}}],"collection":[{"href":"https:\/\/www.tucomarca.com\/wordpress\/segunda\/ca\/wp-json\/wp\/v2\/posts"}],"about":[{"href":"https:\/\/www.tucomarca.com\/wordpress\/segunda\/ca\/wp-json\/wp\/v2\/types\/post"}],"author":[{"embeddable":true,"href":"https:\/\/www.tucomarca.com\/wordpress\/segunda\/ca\/wp-json\/wp\/v2\/users\/12"}],"replies":[{"embeddable":true,"href":"https:\/\/www.tucomarca.com\/wordpress\/segunda\/ca\/wp-json\/wp\/v2\/comments?post=139368"}],"version-history":[{"count":0,"href":"https:\/\/www.tucomarca.com\/wordpress\/segunda\/ca\/wp-json\/wp\/v2\/posts\/139368\/revisions"}],"wp:featuredmedia":[{"embeddable":true,"href":"https:\/\/www.tucomarca.com\/wordpress\/segunda\/ca\/wp-json\/wp\/v2\/media\/139366"}],"wp:attachment":[{"href":"https:\/\/www.tucomarca.com\/wordpress\/segunda\/ca\/wp-json\/wp\/v2\/media?parent=139368"}],"wp:term":[{"taxonomy":"category","embeddable":true,"href":"https:\/\/www.tucomarca.com\/wordpress\/segunda\/ca\/wp-json\/wp\/v2\/categories?post=139368"},{"taxonomy":"post_tag","embeddable":true,"href":"https:\/\/www.tucomarca.com\/wordpress\/segunda\/ca\/wp-json\/wp\/v2\/tags?post=139368"}],"curies":[{"name":"wp","href":"https:\/\/api.w.org\/{rel}","templated":true}]}}