{"id":139655,"date":"2021-08-18T18:00:00","date_gmt":"2021-08-18T17:00:00","guid":{"rendered":"http:\/\/www.tucomarca.com\/wordpress\/segunda\/?p=139655"},"modified":"2021-08-18T21:45:25","modified_gmt":"2021-08-18T20:45:25","slug":"concerts-a-laire-lliure-parcs-aquatics-en-la-piscina-i-actes-commemoratius-de-la-tomatina-i-els-dies-de-los-feos-i-el-litro-en-les-quasi-festes-de-bunyol","status":"publish","type":"post","link":"https:\/\/www.tucomarca.com\/wordpress\/segunda\/ca\/concerts-a-laire-lliure-parcs-aquatics-en-la-piscina-i-actes-commemoratius-de-la-tomatina-i-els-dies-de-los-feos-i-el-litro-en-les-quasi-festes-de-bunyol\/","title":{"rendered":"Concerts a l&#8217;aire lliure, parcs aqu\u00e0tics en la piscina i actes commemoratius de la Tomatina i els dies de \u00abLos Feos\u00bb i \u00abEl Litro\u00bb, en les \u00abquasi festes\u00bb de Bunyol"},"content":{"rendered":"\n<h4 class=\"wp-block-heading\">Els actes arranquen aquest divendres amb el concert a c\u00e0rrec de la Joorsta Bu\u00f1ol Symphony a l&#8217;Auditori de Sant Llu\u00eds, dirigida per Vicente Le\u00f3n.&nbsp;<\/h4>\n\n\n\n<p>Els actes festius arranquen aquest divendres amb el concert a c\u00e0rrec de la Joorsta Bu\u00f1ol Symphony, a l&#8217;Auditori de Sant Llu\u00eds, dirigida per Vicente Le\u00f3n, a partir de les 22.30h. Encara que dem\u00e0 dijous, en les instal\u00b7lacions del Planell, es desenvolupar\u00e0 el Dia de la Raqueta, amb finals de campionats de frontenis, tennis i p\u00e0del, a partir de les 18.30h.<\/p>\n\n\n\n<p>Rafa P\u00e9rez, regidor de Cultura Popular de l&#8217;Ajuntament de Bu\u00f1ol, informa la poblaci\u00f3 que el recinte firal, que va obrir les seues portes divendres passat en horari de 19 a 24h, est\u00e0 obert tots els dies fins al dilluns 30 d&#8217;agost. S&#8217;estan seguint totes les mesures sanit\u00e0ries antiCovid19 en cadascuna de les atraccions i llocs de menjar r\u00e0pid. Preguen a la ciutadania seguir la normativa actual com l&#8217;obligatorietat de m\u00e0scara, desinfecci\u00f3 de mans en pujar i baixar de cada atracci\u00f3, la dist\u00e0ncia interpersonal, aix\u00ed com evitar aglomeracions i llargues coles, sense oblidar la prohibici\u00f3 de consumir begudes alcoh\u00f2liques al carrer.<br>L&#8217;edil del ram confirma que s&#8217;ha ampliat una setmana m\u00e9s el recinte firal respecte a la tradicional Fira i Festes perqu\u00e8 els xicotets de la casa i joves de la localitat puguen gaudir-la \u00e0mpliament i sense aglomeracions. Des de l&#8217;Ajuntament esperen que siga del grat de tots i especialment de tots els xiquets del municipi.&nbsp;<br>El dissabte 21 hi haur\u00e0 una jornada infantil d&#8217;igualtat al Parc del Planell des de les 11h fins a les 20h. I a partir de les 19.30h en el Poliesportiu de la Piscina Municipal, Sopar Remember \u201cSensitive World\u201d.<br>El diumenge 22, que seria el Dia de l&#8217;Art\u00edstica, s&#8217;ha organitzat un acte simb\u00f2lic. A la vesprada, a les 20h hi haur\u00e0 un tribut a Camilo Sesto a l&#8217;Auditori de Sant Llu\u00eds, amb entrada gratu\u00efta. El dilluns 23 durant tot el dia s&#8217;instal\u00b7lar\u00e0 un parc aqu\u00e0tic en la renovada Piscina Municipal a partir de les 11h. L&#8217;entrada \u00e9s gratu\u00efta fins a completar aforament. A la nit, a les 22h, mon\u00f2leg de la c\u00f2mica Valeria Ros, tamb\u00e9 a l&#8217;Auditori Municipal de Sant Llu\u00eds. L&#8217;entrada \u00e9s a 5\u20ac de forma anticipada i 8\u20ac en taquilla. El dimarts a les 22h es podr\u00e0 veure en directe un Tribut a David Bowie, amb entrada gratu\u00efta fins a completar aforament.&nbsp;<br>El dimecres, novament un altre parc aqu\u00e0tic en la Piscina Municipal perqu\u00e8 tots els xiquets i joves puguen gaudir d&#8217;aquestes renovades instal\u00b7lacions amb inflables molt divertits. Ja que aqueix dia haguera sigut el Dia de la Tomatina, a les 12h es llan\u00e7ar\u00e0 una Carcassa Tomatina i acte commemoratiu en el Pont de la Rep\u00fablica perqu\u00e8 tots continuem recordant la nostra festa m\u00e9s internacional i en tots els racons del m\u00f3n recorden la nostra festa. A la nit, a les 20h els xiquets podran gaudir del Musical Infantil Tribut Pel\u00b7l\u00edcula Coco Disney Pixar. L&#8217;entrada \u00e9s a 5\u20ac i tamb\u00e9 ser\u00e0 a l&#8217;Auditori.&nbsp;<br>El dijous 26, Dia de Sant Llu\u00eds, festa local a Bu\u00f1ol, a les 22h hi haur\u00e0 una Mon\u00f2leg a c\u00e0rrec del conegut \u00c1lex O\u2019Dogherty a l&#8217;Auditori Municipal. L&#8217;entrada anticipada \u00e9s a 5\u20ac de forma anticipada i 8\u20ac en taquilla. En el llibret de festes hi ha hagut un error, ja que diu que l&#8217;entrada \u00e9s gratu\u00efta. Demanen disculpes des de l&#8217;Ajuntament de Bu\u00f1ol.<br>Ja el divendres, inflables en la Pla\u00e7a Vendes, a la nit, a les 22h concert de \u201cLa teua altra bonica\u201d, un grup del moment. L&#8217;entrada anticipada \u00e9s a 5\u20ac i en taquilla ser\u00e0 a 8\u20ac. El dissabte 28, que seria el Dia del Litre, s&#8217;ha organitzat diversos actes commemoratius, a m\u00e9s d&#8217;una missa solemne i ofrena simb\u00f2lica per les Misses de l&#8217;Harm\u00f2nica (acte del 75 aniversari de la Festa) a l&#8217;Esgl\u00e9sia Sant Pere Ap\u00f3stol, amb aforament limitat. Tindran exposada indument\u00e0ria de les Misses tots els dies de 18 a 21h en el Palau de la M\u00fasica des de 23 a 28 d&#8217;agost.<br>El diumenge 29 torn per a la cantant Valeria Castro, tamb\u00e9 a l&#8217;Auditori a partir de les 20.30h amb entrada gratu\u00efta fins a completar aforament. I finalment, el dilluns 30 es llan\u00e7ar\u00e0 el Castell de Focs Artificials en l&#8217;Avinguda Rafael Ridaura a les 22h. Encara que l&#8217;\u00faltim acte d&#8217;aquestes festes ser\u00e0 el dissabte 11 de setembre amb el concert a c\u00e0rrec del grup Boikot.<\/p>\n\n\n\n<p><\/p>\n","protected":false},"excerpt":{"rendered":"<div class=\"mh-excerpt\">Els actes arranquen aquest divendres amb el concert a c\u00e0rrec de la Joorsta Bu\u00f1ol Symphony a l&#8217;Auditori de Sant Llu\u00eds, dirigida per Vicente Le\u00f3n.&nbsp; Els actes festius arranquen aquest divendres amb el concert a c\u00e0rrec <a class=\"mh-excerpt-more\" href=\"https:\/\/www.tucomarca.com\/wordpress\/segunda\/ca\/concerts-a-laire-lliure-parcs-aquatics-en-la-piscina-i-actes-commemoratius-de-la-tomatina-i-els-dies-de-los-feos-i-el-litro-en-les-quasi-festes-de-bunyol\/\" title=\"Concerts a l&#8217;aire lliure, parcs aqu\u00e0tics en la piscina i actes commemoratius de la Tomatina i els dies de \u00abLos Feos\u00bb i \u00abEl Litro\u00bb, en les \u00abquasi festes\u00bb de Bunyol\">[+] <\/a><\/div>\n","protected":false},"author":12,"featured_media":139653,"comment_status":"open","ping_status":"open","sticky":false,"template":"","format":"standard","meta":{"footnotes":""},"categories":[11019,10911,12202,10894,10912,11007,11008,10896],"tags":[11158,10913,15318],"class_list":{"0":"post-139655","1":"post","2":"type-post","3":"status-publish","4":"format-standard","5":"has-post-thumbnail","7":"category-agenda-ca","8":"category-bunol-ca","9":"category-covid-19-ca","10":"category-la-comarca-ca","11":"category-la-hoya-ca","12":"category-ocio-y-cultura-ca","13":"category-pueblos-en-fiestas-ca","14":"category-seccion-ca","15":"tag-ayuntamiento-de-bunol-ca","16":"tag-bunol-ca","17":"tag-casi-fiestas-2021-ca"},"_links":{"self":[{"href":"https:\/\/www.tucomarca.com\/wordpress\/segunda\/ca\/wp-json\/wp\/v2\/posts\/139655","targetHints":{"allow":["GET"]}}],"collection":[{"href":"https:\/\/www.tucomarca.com\/wordpress\/segunda\/ca\/wp-json\/wp\/v2\/posts"}],"about":[{"href":"https:\/\/www.tucomarca.com\/wordpress\/segunda\/ca\/wp-json\/wp\/v2\/types\/post"}],"author":[{"embeddable":true,"href":"https:\/\/www.tucomarca.com\/wordpress\/segunda\/ca\/wp-json\/wp\/v2\/users\/12"}],"replies":[{"embeddable":true,"href":"https:\/\/www.tucomarca.com\/wordpress\/segunda\/ca\/wp-json\/wp\/v2\/comments?post=139655"}],"version-history":[{"count":0,"href":"https:\/\/www.tucomarca.com\/wordpress\/segunda\/ca\/wp-json\/wp\/v2\/posts\/139655\/revisions"}],"wp:featuredmedia":[{"embeddable":true,"href":"https:\/\/www.tucomarca.com\/wordpress\/segunda\/ca\/wp-json\/wp\/v2\/media\/139653"}],"wp:attachment":[{"href":"https:\/\/www.tucomarca.com\/wordpress\/segunda\/ca\/wp-json\/wp\/v2\/media?parent=139655"}],"wp:term":[{"taxonomy":"category","embeddable":true,"href":"https:\/\/www.tucomarca.com\/wordpress\/segunda\/ca\/wp-json\/wp\/v2\/categories?post=139655"},{"taxonomy":"post_tag","embeddable":true,"href":"https:\/\/www.tucomarca.com\/wordpress\/segunda\/ca\/wp-json\/wp\/v2\/tags?post=139655"}],"curies":[{"name":"wp","href":"https:\/\/api.w.org\/{rel}","templated":true}]}}