{"id":140078,"date":"2021-08-26T09:00:00","date_gmt":"2021-08-26T08:00:00","guid":{"rendered":"http:\/\/www.tucomarca.com\/wordpress\/segunda\/?p=140078"},"modified":"2021-08-27T09:15:44","modified_gmt":"2021-08-27T08:15:44","slug":"continuen-les-obres-per-a-condicionar-el-parc-dels-pedrones","status":"publish","type":"post","link":"https:\/\/www.tucomarca.com\/wordpress\/segunda\/ca\/continuen-les-obres-per-a-condicionar-el-parc-dels-pedrones\/","title":{"rendered":"Continuen les obres per a condicionar el parc dels Pedrones"},"content":{"rendered":"\n<p>Dins de les millores que s&#8217;estan duent a terme per part de l&#8217;equip de govern socialista de Requena en tot el terme municipal amb la finalitat de millorar la qualitat de vida dels seus habitants, continuen els treballs que tenen com a objectiu condicionar el parc dels Pedrones.<\/p>\n\n\n\n<p>Aquestes obres ascendeixen a un cost de 100.000 euros, assumits \u00edntegrament dins del Pla d&#8217;Inversions de la Diputaci\u00f3 de Val\u00e8ncia.<br>Aquests treballs consisteixen en l&#8217;adequaci\u00f3 i reparaci\u00f3 del paviment en la zona, aix\u00ed com dels revestiments i la tanca que conformen la pista de front\u00f3 per a aconseguir que siga una pista funcional. A m\u00e9s es preveu la instal\u00b7laci\u00f3 de bancs i una zona d&#8217;ombra per a presenciar els partits que all\u00ed puguen disputar-se.<\/p>\n\n\n\n<p>D&#8217;altra banda, s&#8217;est\u00e0 creant un itinerari accessible dins del parc fins a l&#8217;arribada a l&#8217;edifici del nou sal\u00f3 social.<\/p>\n\n\n\n<p>Mitjan\u00e7ant l&#8217;eliminaci\u00f3 dels desnivells existents al parc i la dotaci\u00f3 d&#8217;enllumenat, es crear\u00e0 tamb\u00e9 un espai ampli tipus pla\u00e7a per a la trobada del ve\u00efnat en aquesta ubicaci\u00f3.<\/p>\n\n\n\n<p>Finalment, s&#8217;estan renovant els jocs infantils existents al mateix temps que es reempla\u00e7a i redistribueix el mobiliari urb\u00e0, col\u00b7locant-lo aix\u00ed d&#8217;una manera m\u00e9s convenient.<\/p>\n","protected":false},"excerpt":{"rendered":"<div class=\"mh-excerpt\">Dins de les millores que s&#8217;estan duent a terme per part de l&#8217;equip de govern socialista de Requena en tot el terme municipal amb la finalitat de millorar la qualitat de vida dels seus habitants, <a class=\"mh-excerpt-more\" href=\"https:\/\/www.tucomarca.com\/wordpress\/segunda\/ca\/continuen-les-obres-per-a-condicionar-el-parc-dels-pedrones\/\" title=\"Continuen les obres per a condicionar el parc dels Pedrones\">[+] <\/a><\/div>\n","protected":false},"author":12,"featured_media":140076,"comment_status":"open","ping_status":"open","sticky":false,"template":"","format":"standard","meta":{"footnotes":""},"categories":[10948,10894,10904,10903,10947,10908,10909,10896],"tags":[11099,10910],"class_list":{"0":"post-140078","1":"post","2":"type-post","3":"status-publish","4":"format-standard","5":"has-post-thumbnail","7":"category-infraestructuras-ca","8":"category-la-comarca-ca","9":"category-sin-categorizar-ca","10":"category-medio-ambiente-la-comarca-ca","11":"category-politica","12":"category-requena-ca","13":"category-requena-utiel-ca","14":"category-seccion-ca","15":"tag-requena-ca","16":"tag-requena-utiel-ca"},"_links":{"self":[{"href":"https:\/\/www.tucomarca.com\/wordpress\/segunda\/ca\/wp-json\/wp\/v2\/posts\/140078","targetHints":{"allow":["GET"]}}],"collection":[{"href":"https:\/\/www.tucomarca.com\/wordpress\/segunda\/ca\/wp-json\/wp\/v2\/posts"}],"about":[{"href":"https:\/\/www.tucomarca.com\/wordpress\/segunda\/ca\/wp-json\/wp\/v2\/types\/post"}],"author":[{"embeddable":true,"href":"https:\/\/www.tucomarca.com\/wordpress\/segunda\/ca\/wp-json\/wp\/v2\/users\/12"}],"replies":[{"embeddable":true,"href":"https:\/\/www.tucomarca.com\/wordpress\/segunda\/ca\/wp-json\/wp\/v2\/comments?post=140078"}],"version-history":[{"count":0,"href":"https:\/\/www.tucomarca.com\/wordpress\/segunda\/ca\/wp-json\/wp\/v2\/posts\/140078\/revisions"}],"wp:featuredmedia":[{"embeddable":true,"href":"https:\/\/www.tucomarca.com\/wordpress\/segunda\/ca\/wp-json\/wp\/v2\/media\/140076"}],"wp:attachment":[{"href":"https:\/\/www.tucomarca.com\/wordpress\/segunda\/ca\/wp-json\/wp\/v2\/media?parent=140078"}],"wp:term":[{"taxonomy":"category","embeddable":true,"href":"https:\/\/www.tucomarca.com\/wordpress\/segunda\/ca\/wp-json\/wp\/v2\/categories?post=140078"},{"taxonomy":"post_tag","embeddable":true,"href":"https:\/\/www.tucomarca.com\/wordpress\/segunda\/ca\/wp-json\/wp\/v2\/tags?post=140078"}],"curies":[{"name":"wp","href":"https:\/\/api.w.org\/{rel}","templated":true}]}}