{"id":140290,"date":"2021-08-30T11:07:00","date_gmt":"2021-08-30T10:07:00","guid":{"rendered":"http:\/\/www.tucomarca.com\/wordpress\/segunda\/?p=140290"},"modified":"2021-08-30T20:45:19","modified_gmt":"2021-08-30T19:45:19","slug":"unisocietat-leliana-obrira-les-inscripcions-per-al-nou-curs-el-proxim-dia-13","status":"publish","type":"post","link":"https:\/\/www.tucomarca.com\/wordpress\/segunda\/ca\/unisocietat-leliana-obrira-les-inscripcions-per-al-nou-curs-el-proxim-dia-13\/","title":{"rendered":"Unisocietat l&#8217;Eliana obrir\u00e0 les inscripcions per al nou curs el pr\u00f2xim dia 13"},"content":{"rendered":"\n<h4 class=\"wp-block-heading\">El termini de matr\u00edcula romandr\u00e0 obert fins al 30 de setembre i es realitzar\u00e0 per rigor\u00f3s ordre de preinscripci\u00f3.<\/h4>\n\n\n\n<p>Unisocietat, el programa formatiu que ofereix l&#8217;Ajuntament de l\u2018Eliana en col\u00b7laboraci\u00f3 amb la Universitat de Val\u00e8ncia, obrir\u00e0 el termini d&#8217;inscripci\u00f3 per al nou curs 2021\/2022 dilluns que ve 13 de setembre. Aquesta activitat est\u00e0 dirigida a persones majors de 30 anys que busquen ampliar els seus coneixements i cultura general ja que, entre els seus objectius, es troba fomentar el debat o intercanviar opinions i informaci\u00f3.<\/p>\n\n\n\n<p>Els continguts estaran, com sempre, impartits per professorat qualificat de la Universitat i estan dividits en tres cursos diferents de 120 hores cadascun, que faculten a l&#8217;alumnat per a obtindre un certificat universitari. Cada curs s&#8217;estructura en dos quadrimestres amb dues assignatures troncals. En concret el primer any ofereix, d&#8217;octubre a febrer, Geografia i Llengua i literatura i, de febrer a maig, Europa i Biologia. Totes elles, es complementen amb confer\u00e8ncies al llarg del per\u00edode escolar amb tem\u00e0tiques triades pel propi alumnat com ara l&#8217;alimentaci\u00f3 saludable, el gastroturisme, el coronavirus o l&#8217;envelliment i la qualitat de vida.<\/p>\n\n\n\n<p>El programa, implantat a l\u2018Eliana des de 2014, arrancar\u00e0 el nou curs el pr\u00f2xim 5 d&#8217;octubre. Les classes es realitzaran, com en el curs passat, atenent a totes les mesures de seguretat contra la Covid-19 per a garantir un ensenyament segur.<\/p>\n\n\n\n<p>Les persones interessades a matricular-se, hauran de fer-ho entre el 13 i 30 de setembre (tots dos inclusivament) en les oficines del Centre Sociocultural. Per a accedir al primer curs no \u00e9s necessari cap requisit acad\u00e8mic, encara que les sol\u00b7licituds seran ateses per rigor\u00f3s ordre de presentaci\u00f3. Per a m\u00e9s informaci\u00f3 poden telefonar al 96 275 80 30, extensi\u00f3 144, o al 603 717 622. Tamb\u00e9 es poden realitzar consultes a trav\u00e9s del correu electr\u00f2nic unisocietat@leliana.es.<\/p>\n\n\n\n<p>Eva Santaf\u00e9, regidora responsable de l&#8217;\u00c0rea de Formaci\u00f3: \u201cAnime a totes aquelles persones que desitgen ampliar els seus coneixements a participar d&#8217;aquest programa que acosta la universitat a l&#8217;Eliana amb una oferta formativa consolidada i adaptada als desafiaments actuals\u201d.<\/p>\n\n\n\n<p><\/p>\n","protected":false},"excerpt":{"rendered":"<div class=\"mh-excerpt\">El termini de matr\u00edcula romandr\u00e0 obert fins al 30 de setembre i es realitzar\u00e0 per rigor\u00f3s ordre de preinscripci\u00f3. Unisocietat, el programa formatiu que ofereix l&#8217;Ajuntament de l\u2018Eliana en col\u00b7laboraci\u00f3 amb la Universitat de Val\u00e8ncia, <a class=\"mh-excerpt-more\" href=\"https:\/\/www.tucomarca.com\/wordpress\/segunda\/ca\/unisocietat-leliana-obrira-les-inscripcions-per-al-nou-curs-el-proxim-dia-13\/\" title=\"Unisocietat l&#8217;Eliana obrir\u00e0 les inscripcions per al nou curs el pr\u00f2xim dia 13\">[+] <\/a><\/div>\n","protected":false},"author":12,"featured_media":140289,"comment_status":"open","ping_status":"open","sticky":false,"template":"","format":"standard","meta":{"footnotes":""},"categories":[11019,10892,10948,10894,10893,10896],"tags":[10395,10433,15374],"class_list":{"0":"post-140290","1":"post","2":"type-post","3":"status-publish","4":"format-standard","5":"has-post-thumbnail","7":"category-agenda-ca","8":"category-camp-de-turia-ca","9":"category-infraestructuras-ca","10":"category-la-comarca-ca","11":"category-leliana-ca","12":"category-seccion-ca","13":"tag-camp-de-turia","14":"tag-leliana","15":"tag-unisocietat-leliana"},"_links":{"self":[{"href":"https:\/\/www.tucomarca.com\/wordpress\/segunda\/ca\/wp-json\/wp\/v2\/posts\/140290","targetHints":{"allow":["GET"]}}],"collection":[{"href":"https:\/\/www.tucomarca.com\/wordpress\/segunda\/ca\/wp-json\/wp\/v2\/posts"}],"about":[{"href":"https:\/\/www.tucomarca.com\/wordpress\/segunda\/ca\/wp-json\/wp\/v2\/types\/post"}],"author":[{"embeddable":true,"href":"https:\/\/www.tucomarca.com\/wordpress\/segunda\/ca\/wp-json\/wp\/v2\/users\/12"}],"replies":[{"embeddable":true,"href":"https:\/\/www.tucomarca.com\/wordpress\/segunda\/ca\/wp-json\/wp\/v2\/comments?post=140290"}],"version-history":[{"count":0,"href":"https:\/\/www.tucomarca.com\/wordpress\/segunda\/ca\/wp-json\/wp\/v2\/posts\/140290\/revisions"}],"wp:featuredmedia":[{"embeddable":true,"href":"https:\/\/www.tucomarca.com\/wordpress\/segunda\/ca\/wp-json\/wp\/v2\/media\/140289"}],"wp:attachment":[{"href":"https:\/\/www.tucomarca.com\/wordpress\/segunda\/ca\/wp-json\/wp\/v2\/media?parent=140290"}],"wp:term":[{"taxonomy":"category","embeddable":true,"href":"https:\/\/www.tucomarca.com\/wordpress\/segunda\/ca\/wp-json\/wp\/v2\/categories?post=140290"},{"taxonomy":"post_tag","embeddable":true,"href":"https:\/\/www.tucomarca.com\/wordpress\/segunda\/ca\/wp-json\/wp\/v2\/tags?post=140290"}],"curies":[{"name":"wp","href":"https:\/\/api.w.org\/{rel}","templated":true}]}}