{"id":140468,"date":"2021-08-31T18:29:00","date_gmt":"2021-08-31T17:29:00","guid":{"rendered":"http:\/\/www.tucomarca.com\/wordpress\/segunda\/?p=140468"},"modified":"2021-09-02T18:40:57","modified_gmt":"2021-09-02T17:40:57","slug":"lajuntament-dutiel-denuncia-actes-vandalics-en-parcs-infantils","status":"publish","type":"post","link":"https:\/\/www.tucomarca.com\/wordpress\/segunda\/ca\/lajuntament-dutiel-denuncia-actes-vandalics-en-parcs-infantils\/","title":{"rendered":"L&#8217;Ajuntament d&#8217;Utiel denuncia actes vand\u00e0lics en parcs infantils"},"content":{"rendered":"\n<p><strong>Un dels gronxadors situat al parc pr\u00f2xim al Col\u00b7legi Santa Ana ha sigut arrancat<\/strong><\/p>\n\n\n\n<p>El Ayuntamiento de Utiel denuncia una vez m\u00e1s los actos vand\u00e1licos que vienen produci\u00e9ndose en edificios municipales y espacios p\u00fablicos como es el caso de parques y jardines.<\/p>\n\n\n\n<p>El m\u00e1s reciente tuvo lugar en la noche de ayer, en la que la Polic\u00eda Local de Utiel tuvo constancia de los desperfectos ocasionados en el parque infantil ubicado en la calle Camino, pr\u00f3ximo al Colegio Santa Ana, donde encontraron un columpio totalmente arrancado. El muelle que sirve de base al columpio estaba cortado con el consiguiente peligro que esto podr\u00eda suponer para los ni\u00f1os y ni\u00f1as que hacen uso de estas instalaciones por lo que fue retirado de inmediato.<\/p>\n\n\n\n<p>El consistorio utielano denuncia el comportamiento inc\u00edvico que est\u00e1n mostrando unos pocos y que por desgracia supone un desembolso para todos los vecinos de Utiel ya que estos da\u00f1os al mobiliario urbano han de subsanarse con los fondos de las arcas municipales.&nbsp;<\/p>\n\n\n\n<p>El Ayuntamiento de Utiel apela a la concienciaci\u00f3n ciudadana y solicita su colaboraci\u00f3n para que, en el caso de detectar cualquier acto delictivo, lo pongan en conocimiento de los agentes de la Polic\u00eda Local o de la Guardia Civil.<\/p>\n","protected":false},"excerpt":{"rendered":"<div class=\"mh-excerpt\">Un dels gronxadors situat al parc pr\u00f2xim al Col\u00b7legi Santa Ana ha sigut arrancat El Ayuntamiento de Utiel denuncia una vez m\u00e1s los actos vand\u00e1licos que vienen produci\u00e9ndose en edificios municipales y espacios p\u00fablicos como <a class=\"mh-excerpt-more\" href=\"https:\/\/www.tucomarca.com\/wordpress\/segunda\/ca\/lajuntament-dutiel-denuncia-actes-vandalics-en-parcs-infantils\/\" title=\"L&#8217;Ajuntament d&#8217;Utiel denuncia actes vand\u00e0lics en parcs infantils\">[+] <\/a><\/div>\n","protected":false},"author":1,"featured_media":140465,"comment_status":"open","ping_status":"open","sticky":false,"template":"","format":"standard","meta":{"footnotes":""},"categories":[10948,10894,10909,10896,10897,11059],"tags":[10910],"class_list":{"0":"post-140468","1":"post","2":"type-post","3":"status-publish","4":"format-standard","5":"has-post-thumbnail","7":"category-infraestructuras-ca","8":"category-la-comarca-ca","9":"category-requena-utiel-ca","10":"category-seccion-ca","11":"category-sucesos-la-comarca-ca","12":"category-utiel-ca","13":"tag-requena-utiel-ca"},"_links":{"self":[{"href":"https:\/\/www.tucomarca.com\/wordpress\/segunda\/ca\/wp-json\/wp\/v2\/posts\/140468","targetHints":{"allow":["GET"]}}],"collection":[{"href":"https:\/\/www.tucomarca.com\/wordpress\/segunda\/ca\/wp-json\/wp\/v2\/posts"}],"about":[{"href":"https:\/\/www.tucomarca.com\/wordpress\/segunda\/ca\/wp-json\/wp\/v2\/types\/post"}],"author":[{"embeddable":true,"href":"https:\/\/www.tucomarca.com\/wordpress\/segunda\/ca\/wp-json\/wp\/v2\/users\/1"}],"replies":[{"embeddable":true,"href":"https:\/\/www.tucomarca.com\/wordpress\/segunda\/ca\/wp-json\/wp\/v2\/comments?post=140468"}],"version-history":[{"count":0,"href":"https:\/\/www.tucomarca.com\/wordpress\/segunda\/ca\/wp-json\/wp\/v2\/posts\/140468\/revisions"}],"wp:featuredmedia":[{"embeddable":true,"href":"https:\/\/www.tucomarca.com\/wordpress\/segunda\/ca\/wp-json\/wp\/v2\/media\/140465"}],"wp:attachment":[{"href":"https:\/\/www.tucomarca.com\/wordpress\/segunda\/ca\/wp-json\/wp\/v2\/media?parent=140468"}],"wp:term":[{"taxonomy":"category","embeddable":true,"href":"https:\/\/www.tucomarca.com\/wordpress\/segunda\/ca\/wp-json\/wp\/v2\/categories?post=140468"},{"taxonomy":"post_tag","embeddable":true,"href":"https:\/\/www.tucomarca.com\/wordpress\/segunda\/ca\/wp-json\/wp\/v2\/tags?post=140468"}],"curies":[{"name":"wp","href":"https:\/\/api.w.org\/{rel}","templated":true}]}}