{"id":140527,"date":"2021-09-04T10:00:00","date_gmt":"2021-09-04T09:00:00","guid":{"rendered":"http:\/\/www.tucomarca.com\/wordpress\/segunda\/?p=140527"},"modified":"2021-09-04T10:14:20","modified_gmt":"2021-09-04T09:14:20","slug":"els-accidents-i-rescats-en-rius-pantans-i-embassaments-gestionats-per-emergencies-es-redueixen-a-la-meitat-durant-aquest-estiu","status":"publish","type":"post","link":"https:\/\/www.tucomarca.com\/wordpress\/segunda\/ca\/els-accidents-i-rescats-en-rius-pantans-i-embassaments-gestionats-per-emergencies-es-redueixen-a-la-meitat-durant-aquest-estiu\/","title":{"rendered":"Els accidents i rescats en rius, pantans i embassaments gestionats per Emerg\u00e8ncies es redueixen a la meitat durant aquest estiu"},"content":{"rendered":"\n<h4 class=\"wp-block-heading\"><strong>El tel\u00e8fon d&#8217;Emerg\u00e8ncies 112 ha gestionat 12 incidents en aig\u00fces interiors entre juny i agost, 10 menys que l&#8217;any passat en el mateix per\u00edode<\/strong><\/h4>\n\n\n\n<h4 class=\"wp-block-heading\">Els accidents en piscines gestionats pel 1\u00b71\u00b72 han disminu\u00eft un 7% respecte al mateix per\u00edode de 2020<\/h4>\n\n\n\n<p>Los accidentes y rescates en r\u00edos, pantanos y embalses gestionados por el tel\u00e9fono \u00fanico de Emergencias 1\u00b72 Comunitat Valenciana, se han reducido a la mitad durante los meses de junio, julio y agosto con respecto al mismo periodo del a\u00f1o pasado. De los 22 incidentes gestionados el verano pasado, se ha pasado a 11 este a\u00f1o.<\/p>\n\n\n\n<p>Siete de los once incidentes en aguas interiores fueron rescates de personas que sufrieron alg\u00fan percance en el ba\u00f1o, mientras que los cuatro restantes fueron accidentes que requirieron la atenci\u00f3n sanitaria. La provincia de Valencia ha sido la que m\u00e1s avisos de este tipo ha atendido en aguas interiores (8), seguida de Alicante (3) y de Castell\u00f3n (1).<\/p>\n\n\n\n<p>Por lo que respecta a los ba\u00f1os en las piscinas o atracciones acu\u00e1ticas, este verano se han gestionado 81 incidentes, un siete por ciento menos respecto al mismo per\u00edodo de 2020 cuando se contabilizaron 88. Por provincias, Alicante es la que acumula un mayor n\u00famero de percances (44), seguida de Valencia (27) y de Castell\u00f3n (10).&nbsp;<\/p>\n\n\n\n<p>El secretario auton\u00f3mico de Seguridad y Emergencias, Jos\u00e9 Mar\u00eda \u00c1ngel, ha explicado que la disminuci\u00f3n del n\u00famero de incidentes en un 50% este verano \u201cpuede deberse a la decisi\u00f3n de muchos ayuntamientos de cerrar al ba\u00f1o gran parte de estos parajes naturales y a la mayor concienciaci\u00f3n por parte de la poblaci\u00f3n de adoptar medidas preventivas por la COVID\u201d.&nbsp;<\/p>\n\n\n\n<p><strong>&lt;b&gt;Consejos de autoprotecci\u00f3n en el ba\u00f1o &lt;\/b&gt;<\/strong><\/p>\n\n\n\n<p>El Centro de Coordinaci\u00f3n de Emergencias y el tel\u00e9fono 112 Comunitat Valenciana realizan campa\u00f1as de sensibilizaci\u00f3n y prevenci\u00f3n de forma permanente a trav\u00e9s de sus redes sociales, en Facebook y Twitter, donde se alerta de la necesidad de que las personas que opten por ba\u00f1arse en r\u00edos, pantanos y embalses adopten unas medidas de prevenci\u00f3n encaminadas a evitar accidentes.<\/p>\n\n\n\n<p>De esta manera, es aconsejable evitar ba\u00f1arse en zonas de riesgo como r\u00edos de gran caudal, pozas naturales o bajo cascadas de agua donde existan corrientes y remolinos. Tambi\u00e9n se debe prestar atenci\u00f3n a los carteles que indiquen la existencia de alg\u00fan peligro. Como normas de autoprotecci\u00f3n personal, hay que evitar tragar agua al existir el peligro de sufrir una infecci\u00f3n y utilizar calzado especial para el agua con el fin de prevenir heridas y cortes en los pies.<\/p>\n\n\n\n<p>Con respecto a los ba\u00f1os en piscinas y atracciones acu\u00e1ticas, hay que tener cuidado con los bordes de las piscinas y zonas mojadas en prevenci\u00f3n de resbalones que deriven en lesiones. Adem\u00e1s hay que evitar tragar agua de la piscina, ya que los productos qu\u00edmicos que se emplean en la desinfecci\u00f3n de estos recintos pueden producir afecciones g\u00e1stricas.<\/p>\n\n\n\n<p>Para m\u00e1s informaci\u00f3n sobre c\u00f3mo proceder en caso de accidente y otros consejos \u00fatiles que pueden evitar emergencias al ba\u00f1arse en pantanos, r\u00edos, embalses, piscinas y atracciones acu\u00e1ticas, se puede consultar la p\u00e1gina web de la Agencia Valenciana de Seguridad y Respuesta a las Emergencias (AVSRE)&nbsp;<\/p>\n\n\n\n<p>&lt;a href=&#8221;www.112cv.gva.es\/es\/\u201d target=&#8221;_blank&#8221;&gt;consultar aqu\u00ed&lt;\/a&gt;, y en caso de emergencia, llamar al tel\u00e9fono 112.<\/p>\n","protected":false},"excerpt":{"rendered":"<div class=\"mh-excerpt\">El tel\u00e8fon d&#8217;Emerg\u00e8ncies 112 ha gestionat 12 incidents en aig\u00fces interiors entre juny i agost, 10 menys que l&#8217;any passat en el mateix per\u00edode Els accidents en piscines gestionats pel 1\u00b71\u00b72 han disminu\u00eft un 7% <a class=\"mh-excerpt-more\" href=\"https:\/\/www.tucomarca.com\/wordpress\/segunda\/ca\/els-accidents-i-rescats-en-rius-pantans-i-embassaments-gestionats-per-emergencies-es-redueixen-a-la-meitat-durant-aquest-estiu\/\" title=\"Els accidents i rescats en rius, pantans i embassaments gestionats per Emerg\u00e8ncies es redueixen a la meitat durant aquest estiu\">[+] <\/a><\/div>\n","protected":false},"author":1,"featured_media":140524,"comment_status":"open","ping_status":"open","sticky":false,"template":"","format":"standard","meta":{"footnotes":""},"categories":[10898,10948,10894,10904,10896,10897],"tags":[13120,11199],"class_list":{"0":"post-140527","1":"post","2":"type-post","3":"status-publish","4":"format-standard","5":"has-post-thumbnail","7":"category-ventana-ca","8":"category-infraestructuras-ca","9":"category-la-comarca-ca","10":"category-sin-categorizar-ca","11":"category-seccion-ca","12":"category-sucesos-la-comarca-ca","13":"tag-consorci-provincial-de-bombers","14":"tag-la-comunitat-ca"},"_links":{"self":[{"href":"https:\/\/www.tucomarca.com\/wordpress\/segunda\/ca\/wp-json\/wp\/v2\/posts\/140527","targetHints":{"allow":["GET"]}}],"collection":[{"href":"https:\/\/www.tucomarca.com\/wordpress\/segunda\/ca\/wp-json\/wp\/v2\/posts"}],"about":[{"href":"https:\/\/www.tucomarca.com\/wordpress\/segunda\/ca\/wp-json\/wp\/v2\/types\/post"}],"author":[{"embeddable":true,"href":"https:\/\/www.tucomarca.com\/wordpress\/segunda\/ca\/wp-json\/wp\/v2\/users\/1"}],"replies":[{"embeddable":true,"href":"https:\/\/www.tucomarca.com\/wordpress\/segunda\/ca\/wp-json\/wp\/v2\/comments?post=140527"}],"version-history":[{"count":0,"href":"https:\/\/www.tucomarca.com\/wordpress\/segunda\/ca\/wp-json\/wp\/v2\/posts\/140527\/revisions"}],"wp:featuredmedia":[{"embeddable":true,"href":"https:\/\/www.tucomarca.com\/wordpress\/segunda\/ca\/wp-json\/wp\/v2\/media\/140524"}],"wp:attachment":[{"href":"https:\/\/www.tucomarca.com\/wordpress\/segunda\/ca\/wp-json\/wp\/v2\/media?parent=140527"}],"wp:term":[{"taxonomy":"category","embeddable":true,"href":"https:\/\/www.tucomarca.com\/wordpress\/segunda\/ca\/wp-json\/wp\/v2\/categories?post=140527"},{"taxonomy":"post_tag","embeddable":true,"href":"https:\/\/www.tucomarca.com\/wordpress\/segunda\/ca\/wp-json\/wp\/v2\/tags?post=140527"}],"curies":[{"name":"wp","href":"https:\/\/api.w.org\/{rel}","templated":true}]}}