{"id":140537,"date":"2021-09-04T12:00:00","date_gmt":"2021-09-04T11:00:00","guid":{"rendered":"http:\/\/www.tucomarca.com\/wordpress\/segunda\/?p=140537"},"modified":"2021-09-04T17:25:48","modified_gmt":"2021-09-04T16:25:48","slug":"la-biblioteca-de-leliana-es-prepara-per-a-celebrar-el-seu-50-aniversari","status":"publish","type":"post","link":"https:\/\/www.tucomarca.com\/wordpress\/segunda\/ca\/la-biblioteca-de-leliana-es-prepara-per-a-celebrar-el-seu-50-aniversari\/","title":{"rendered":"La Biblioteca de l&#8217;Eliana es prepara per a celebrar el seu 50 aniversari"},"content":{"rendered":"\n<h4 class=\"wp-block-heading\">Del 7 al 10 de setembre l&#8217;edifici acollir\u00e0 els actes de commemoraci\u00f3 previs a l&#8217;inici de les obres d&#8217;ampliaci\u00f3 i millora.<\/h4>\n\n\n\n<p>La Biblioteca Municipal de l&#8217;Eliana celebrar\u00e0 la setmana vinent els actes de commemoraci\u00f3 del seu 50 aniversari i per a aix\u00f2 comptar\u00e0 amb diverses entitats de la localitat, amb els qui comparteix part de la seua hist\u00f2ria des de 1971.<\/p>\n\n\n\n<p>D&#8217;aquesta manera, del dimarts 7 al divendres 10 de setembre, la ciutadania podr\u00e0 participar de les diverses activitats organitzades entorn d&#8217;aquesta efem\u00e8ride que arrancar\u00e0 amb la presentaci\u00f3 del sostenible i innovador projecte de la nova Biblioteca. La cita, on les persones assistents podran con\u00e9ixer al detall l&#8217;ampliaci\u00f3 i modernitzaci\u00f3 de les instal\u00b7lacions donant cobertura a les actuals necessitats dels seus usuaris, tindr\u00e0 lloc als seus jardins a les 19 hores. L&#8217;esdeveniment comptar\u00e0 a m\u00e9s amb l&#8217;actuaci\u00f3 de la Big Band de la Uni\u00f3 Musical de l&#8217;Eliana.&nbsp;<\/p>\n\n\n\n<p>El dimecres 8, a les 18.30 hores els i les membres del Club de Lectura Juvenil compartiran les seues lectures d&#8217;estiu amb els assistents a l&#8217;acte \u201850 anys de lectura juvenil\u2019. L&#8217;activitat comptar\u00e0 amb diversos autors locals, coordinats per Anika Lillo, que tamb\u00e9 compartiran les seues lectures d&#8217;adolesc\u00e8ncia i realitzaran recomanacions liter\u00e0ries. Sens dubte, un bon motiu per a acostar-se i con\u00e9ixer com formar part del Club.<\/p>\n\n\n\n<p>El dijous 9, a les 19 hores, la Biblioteca retr\u00e0 homenatge a la Coral Casa de la Cultura de la m\u00e0 de l\u2019Escola Coral de l&#8217;Eliana, i celebrar\u00e0, al seu torn, una vesprada de jocs de taula intergeneracional. Les persones per a interessades a participar poden inscriure&#8217;s en el correu electr\u00f2nic <a href=\"mailto:biblioteca@leliana.es\">biblioteca@leliana.es<\/a>.&nbsp;<\/p>\n\n\n\n<p>Els actes de celebraci\u00f3 del mig segle d&#8217;hist\u00f2ria de la Biblioteca finalitzaran el divendres 10, a les 18 hores, amb un homenatge a la paraula i al desaparegut contacontes Llorens Gim\u00e9nez. En ell, els i les m\u00e9s menudes contaran i cantaran amb els narradors Almudena Franc\u00e9s, Carles Cano i Eva And\u00fajar al costat del Cor de l&#8217;Eliana.&nbsp;<\/p>\n\n\n\n<p>El regidor de Biblioteca, Jorge P\u00e9rez Comeche, ha convidat a amics, amigues, persones usu\u00e0ries i, en general, a tota la ciutadania a participar d&#8217;aquesta setmana de celebraci\u00f3 d&#8217;un edifici que patir\u00e0 en 2022 la major transformaci\u00f3 de la seua hist\u00f2ria. \u201c<em>Els convide a unir-se a nosaltres a tots aquells que, al llarg d&#8217;aquest mig segle, han participat d&#8217;una forma o una altra en moments d&#8217;estudi, dels diferents tallers de dibuix, pintura, m\u00fasica o de les festes de fi de curs que aquestes instal\u00b7lacions han albergat<\/em>\u201d, ha afirmat.<\/p>\n\n\n\n<p><\/p>\n","protected":false},"excerpt":{"rendered":"<div class=\"mh-excerpt\">Del 7 al 10 de setembre l&#8217;edifici acollir\u00e0 els actes de commemoraci\u00f3 previs a l&#8217;inici de les obres d&#8217;ampliaci\u00f3 i millora. La Biblioteca Municipal de l&#8217;Eliana celebrar\u00e0 la setmana vinent els actes de commemoraci\u00f3 del <a class=\"mh-excerpt-more\" href=\"https:\/\/www.tucomarca.com\/wordpress\/segunda\/ca\/la-biblioteca-de-leliana-es-prepara-per-a-celebrar-el-seu-50-aniversari\/\" title=\"La Biblioteca de l&#8217;Eliana es prepara per a celebrar el seu 50 aniversari\">[+] <\/a><\/div>\n","protected":false},"author":12,"featured_media":109039,"comment_status":"open","ping_status":"open","sticky":false,"template":"","format":"standard","meta":{"footnotes":""},"categories":[10892,10948,10894,10893,11007,10896],"tags":[2713,12803,10395,10433],"class_list":{"0":"post-140537","1":"post","2":"type-post","3":"status-publish","4":"format-standard","5":"has-post-thumbnail","7":"category-camp-de-turia-ca","8":"category-infraestructuras-ca","9":"category-la-comarca-ca","10":"category-leliana-ca","11":"category-ocio-y-cultura-ca","12":"category-seccion-ca","13":"tag-50-aniversario","14":"tag-biblioteca-publica-municipal-de-leliana","15":"tag-camp-de-turia","16":"tag-leliana"},"_links":{"self":[{"href":"https:\/\/www.tucomarca.com\/wordpress\/segunda\/ca\/wp-json\/wp\/v2\/posts\/140537","targetHints":{"allow":["GET"]}}],"collection":[{"href":"https:\/\/www.tucomarca.com\/wordpress\/segunda\/ca\/wp-json\/wp\/v2\/posts"}],"about":[{"href":"https:\/\/www.tucomarca.com\/wordpress\/segunda\/ca\/wp-json\/wp\/v2\/types\/post"}],"author":[{"embeddable":true,"href":"https:\/\/www.tucomarca.com\/wordpress\/segunda\/ca\/wp-json\/wp\/v2\/users\/12"}],"replies":[{"embeddable":true,"href":"https:\/\/www.tucomarca.com\/wordpress\/segunda\/ca\/wp-json\/wp\/v2\/comments?post=140537"}],"version-history":[{"count":0,"href":"https:\/\/www.tucomarca.com\/wordpress\/segunda\/ca\/wp-json\/wp\/v2\/posts\/140537\/revisions"}],"wp:featuredmedia":[{"embeddable":true,"href":"https:\/\/www.tucomarca.com\/wordpress\/segunda\/ca\/wp-json\/wp\/v2\/media\/109039"}],"wp:attachment":[{"href":"https:\/\/www.tucomarca.com\/wordpress\/segunda\/ca\/wp-json\/wp\/v2\/media?parent=140537"}],"wp:term":[{"taxonomy":"category","embeddable":true,"href":"https:\/\/www.tucomarca.com\/wordpress\/segunda\/ca\/wp-json\/wp\/v2\/categories?post=140537"},{"taxonomy":"post_tag","embeddable":true,"href":"https:\/\/www.tucomarca.com\/wordpress\/segunda\/ca\/wp-json\/wp\/v2\/tags?post=140537"}],"curies":[{"name":"wp","href":"https:\/\/api.w.org\/{rel}","templated":true}]}}