{"id":140759,"date":"2021-09-09T12:52:00","date_gmt":"2021-09-09T11:52:00","guid":{"rendered":"http:\/\/www.tucomarca.com\/wordpress\/segunda\/?p=140759"},"modified":"2021-09-09T20:22:15","modified_gmt":"2021-09-09T19:22:15","slug":"escolars-de-leliana-tornen-a-les-aules-entre-mesures-contra-la-covid-19","status":"publish","type":"post","link":"https:\/\/www.tucomarca.com\/wordpress\/segunda\/ca\/escolars-de-leliana-tornen-a-les-aules-entre-mesures-contra-la-covid-19\/","title":{"rendered":"Escolars de l&#8217;Eliana tornen a les aules entre mesures contra la Covid-19"},"content":{"rendered":"\n<h4 class=\"wp-block-heading\">L&#8217;alumnat de la localitat inicia el seu segon curs en pand\u00e8mia en una jornada que ha transcorregut amb completa normalitat.<\/h4>\n\n\n\n<p>Al voltant de 4.800 alumnes des d&#8217;Educaci\u00f3 Infantil fins a Batxiller i Cicles Formatius han iniciat aquest dimecres, 8 de setembre, el nou curs escolar 2021\/2022 en els 8 centres d&#8217;educaci\u00f3 p\u00fablica, privats i concertat de l&#8217;Eliana.<\/p>\n\n\n\n<p>Com cada estiu, l&#8217;Ajuntament ha aprofitat aquests \u00faltims mesos per a, igual que ho fa al llarg del curs acad\u00e8mic, dur a terme tasques de manteniment en els centres p\u00fablics. En aquesta ocasi\u00f3 han consistit en la substituci\u00f3 d&#8217;aixeteries, sanitaris, pintura o la construcci\u00f3 de zones d&#8217;ombra. A m\u00e9s, els treballadors municipals han fet els canvis necessaris del mobiliari i condicionament d&#8217;aules per a la seua adaptaci\u00f3 a les noves r\u00e0tios marcats per la Conselleria d&#8217;Educaci\u00f3.<\/p>\n\n\n\n<p>Per a fer front a la COVID-19, un any m\u00e9s, tots els centres de la localitat han adoptat totes les mesures de seguretat, protecci\u00f3 i higiene necess\u00e0ries per a garantir la salut dels seus estudiants. A totes elles se sumen les mesures de conting\u00e8ncia previstes davant una possible nova ona, a m\u00e9s de diversos escenaris d&#8217;alerta, i la immunitzaci\u00f3, gr\u00e0cies a la vacuna, dels majors de 12 anys.<\/p>\n\n\n\n<p>L&#8217;alcalde, Salva Torrent, acompanyat per la regidora d&#8217;Educaci\u00f3, Eva Santaf\u00e9, ha recordat que aquesta \u2018tornada al col\u00b7le\u2019 ha transcorregut dins de la normalitat, amb l&#8217;experi\u00e8ncia adquirida de l&#8217;any anterior, i ha desitjat a tota la comunitat educativa un curs tranquil i reeixit per a tots i totes.<\/p>\n\n\n\n<p><\/p>\n","protected":false},"excerpt":{"rendered":"<div class=\"mh-excerpt\">L&#8217;alumnat de la localitat inicia el seu segon curs en pand\u00e8mia en una jornada que ha transcorregut amb completa normalitat. Al voltant de 4.800 alumnes des d&#8217;Educaci\u00f3 Infantil fins a Batxiller i Cicles Formatius han <a class=\"mh-excerpt-more\" href=\"https:\/\/www.tucomarca.com\/wordpress\/segunda\/ca\/escolars-de-leliana-tornen-a-les-aules-entre-mesures-contra-la-covid-19\/\" title=\"Escolars de l&#8217;Eliana tornen a les aules entre mesures contra la Covid-19\">[+] <\/a><\/div>\n","protected":false},"author":12,"featured_media":140758,"comment_status":"open","ping_status":"open","sticky":false,"template":"","format":"standard","meta":{"footnotes":""},"categories":[10892,12202,10894,10893,10896],"tags":[10395,10433,12517],"class_list":{"0":"post-140759","1":"post","2":"type-post","3":"status-publish","4":"format-standard","5":"has-post-thumbnail","7":"category-camp-de-turia-ca","8":"category-covid-19-ca","9":"category-la-comarca-ca","10":"category-leliana-ca","11":"category-seccion-ca","12":"tag-camp-de-turia","13":"tag-leliana","14":"tag-vuelta-al-cole"},"_links":{"self":[{"href":"https:\/\/www.tucomarca.com\/wordpress\/segunda\/ca\/wp-json\/wp\/v2\/posts\/140759","targetHints":{"allow":["GET"]}}],"collection":[{"href":"https:\/\/www.tucomarca.com\/wordpress\/segunda\/ca\/wp-json\/wp\/v2\/posts"}],"about":[{"href":"https:\/\/www.tucomarca.com\/wordpress\/segunda\/ca\/wp-json\/wp\/v2\/types\/post"}],"author":[{"embeddable":true,"href":"https:\/\/www.tucomarca.com\/wordpress\/segunda\/ca\/wp-json\/wp\/v2\/users\/12"}],"replies":[{"embeddable":true,"href":"https:\/\/www.tucomarca.com\/wordpress\/segunda\/ca\/wp-json\/wp\/v2\/comments?post=140759"}],"version-history":[{"count":0,"href":"https:\/\/www.tucomarca.com\/wordpress\/segunda\/ca\/wp-json\/wp\/v2\/posts\/140759\/revisions"}],"wp:featuredmedia":[{"embeddable":true,"href":"https:\/\/www.tucomarca.com\/wordpress\/segunda\/ca\/wp-json\/wp\/v2\/media\/140758"}],"wp:attachment":[{"href":"https:\/\/www.tucomarca.com\/wordpress\/segunda\/ca\/wp-json\/wp\/v2\/media?parent=140759"}],"wp:term":[{"taxonomy":"category","embeddable":true,"href":"https:\/\/www.tucomarca.com\/wordpress\/segunda\/ca\/wp-json\/wp\/v2\/categories?post=140759"},{"taxonomy":"post_tag","embeddable":true,"href":"https:\/\/www.tucomarca.com\/wordpress\/segunda\/ca\/wp-json\/wp\/v2\/tags?post=140759"}],"curies":[{"name":"wp","href":"https:\/\/api.w.org\/{rel}","templated":true}]}}