{"id":140894,"date":"2021-09-13T13:00:00","date_gmt":"2021-09-13T12:00:00","guid":{"rendered":"http:\/\/www.tucomarca.com\/wordpress\/segunda\/?p=140894"},"modified":"2021-09-14T09:26:54","modified_gmt":"2021-09-14T08:26:54","slug":"lexposicio-exili-illustrat-de-livaj-arriba-al-setembre-a-algemesi-i-godelleta","status":"publish","type":"post","link":"https:\/\/www.tucomarca.com\/wordpress\/segunda\/ca\/lexposicio-exili-illustrat-de-livaj-arriba-al-setembre-a-algemesi-i-godelleta\/","title":{"rendered":"L&#8217;exposici\u00f3 &#8216;Exili Il\u00b7lustrat&#8217; de l&#8217;IVAJ arriba al setembre a Algemes\u00ed i Godelleta"},"content":{"rendered":"\n<p><strong><em>La mostra consta de 36 il\u00b7lustracions de personatges que van marxar a l&#8217;exili i acosta la problem\u00e0tica actual de les persones refugiades<\/em><\/strong><\/p>\n\n\n\n<p>L&#8217;Institut Valenci\u00e0 de la Joventut (IVAJ), a trav\u00e9s del programa &#8216;M&#8217;importa. Educaci\u00f3 en Valors&#8217;, ha programat l&#8217;exposici\u00f3 Exili Il\u00b7lustrat en l&#8217;IES Sant Vicent Ferrer d&#8217;Algemes\u00ed i a la Biblioteca P\u00fablica Municipal de Godelleta.&nbsp;<\/p>\n\n\n\n<p>La iniciativa &#8216;Exili Il\u00b7lustrat&#8217; es vincula amb la mem\u00f2ria democr\u00e0tica i, al mateix temps, convida a una reflexi\u00f3 sobre les persones refugiades en l&#8217;actualitat, que fugen de les guerres, la intoler\u00e0ncia, les cat\u00e0strofes o de la fam.&nbsp;<\/p>\n\n\n\n<p>Del 13 al 17 de setembre, s&#8217;exposa en l&#8217;IES Sant Vicent Ferrer d&#8217;Algemes\u00ed i del 27 de setembre al 3 d&#8217;octubre a la Biblioteca Municipal de Godelleta.<\/p>\n\n\n\n<p>L&#8217;exposici\u00f3 \u00e9s una galeria de 36 vides dibuixades per 36 il\u00b7lustradors i il\u00b7lustradores dels m\u00e9s variats estils, que representen a persones que van marxar a l&#8217;exili, entre les quals es troben Rafael Alberti, Max Aub, Manuel Aza\u00f1a, Luis Bu\u00f1uel, Clara Campoamor, Neus Catal\u00e0, Antonio Machado o Josep Renau, entre altres.&nbsp;<\/p>\n\n\n\n<p>&#8216;Exili I\u00b7lustrat&#8217; va n\u00e0ixer de la col\u00b7laboraci\u00f3 del Centre Cultural La Nau de la Universitat de Val\u00e8ncia, comissariada per MacDiego, com un homenatge als m\u00e9s de 500.000 homes i dones, la majoria vides an\u00f2nimes, que es van veure obligades a abandonar el territori espanyol en acabar la Guerra Civil.&nbsp;<\/p>\n\n\n\n<p>A m\u00e9s, a trav\u00e9s de la s\u00e8rie &#8216;M&#8217;importa d&#8217; Educaci\u00f3 en Valors&#8217;, s&#8217;acompanya amb una guia did\u00e0ctica explicativa de les biografies i de sensibilitzaci\u00f3 sobre les persones refugiades en l&#8217;actualitat.&nbsp;<\/p>\n\n\n\n<p>Ajuntaments, entitats socials, centres educatius i centres juvenils interessats a acostar tant l&#8217;exposici\u00f3 &#8216;Exili Il\u00b7lustrat&#8217; poden sol\u00b7licitar-la telem\u00e0ticament a trav\u00e9s de la web del programa: consultar ac\u00ed.&nbsp;<\/p>\n\n\n\n<p>La programaci\u00f3 de l&#8217;exposici\u00f3 itinerant est\u00e0 condicionada per la situaci\u00f3 provocada per la COVID-19 i les mesures sanit\u00e0ries vigents.<\/p>\n","protected":false},"excerpt":{"rendered":"<div class=\"mh-excerpt\">La mostra consta de 36 il\u00b7lustracions de personatges que van marxar a l&#8217;exili i acosta la problem\u00e0tica actual de les persones refugiades L&#8217;Institut Valenci\u00e0 de la Joventut (IVAJ), a trav\u00e9s del programa &#8216;M&#8217;importa. Educaci\u00f3 en <a class=\"mh-excerpt-more\" href=\"https:\/\/www.tucomarca.com\/wordpress\/segunda\/ca\/lexposicio-exili-illustrat-de-livaj-arriba-al-setembre-a-algemesi-i-godelleta\/\" title=\"L&#8217;exposici\u00f3 &#8216;Exili Il\u00b7lustrat&#8217; de l&#8217;IVAJ arriba al setembre a Algemes\u00ed i Godelleta\">[+] <\/a><\/div>\n","protected":false},"author":1,"featured_media":140892,"comment_status":"open","ping_status":"open","sticky":false,"template":"","format":"standard","meta":{"footnotes":""},"categories":[11019,10983,10977,10894,10912,10902,11007,10896],"tags":[11081,11087,10914,11077],"class_list":{"0":"post-140894","1":"post","2":"type-post","3":"status-publish","4":"format-standard","5":"has-post-thumbnail","7":"category-agenda-ca","8":"category-algemesi-ca","9":"category-godelleta-ca","10":"category-la-comarca-ca","11":"category-la-hoya-ca","12":"category-la-ribera-ca","13":"category-ocio-y-cultura-ca","14":"category-seccion-ca","15":"tag-algemesi-ca","16":"tag-godelleta-ca","17":"tag-la-hoya-de-bunol-chiva-ca","18":"tag-la-ribera-alta-ca"},"_links":{"self":[{"href":"https:\/\/www.tucomarca.com\/wordpress\/segunda\/ca\/wp-json\/wp\/v2\/posts\/140894","targetHints":{"allow":["GET"]}}],"collection":[{"href":"https:\/\/www.tucomarca.com\/wordpress\/segunda\/ca\/wp-json\/wp\/v2\/posts"}],"about":[{"href":"https:\/\/www.tucomarca.com\/wordpress\/segunda\/ca\/wp-json\/wp\/v2\/types\/post"}],"author":[{"embeddable":true,"href":"https:\/\/www.tucomarca.com\/wordpress\/segunda\/ca\/wp-json\/wp\/v2\/users\/1"}],"replies":[{"embeddable":true,"href":"https:\/\/www.tucomarca.com\/wordpress\/segunda\/ca\/wp-json\/wp\/v2\/comments?post=140894"}],"version-history":[{"count":0,"href":"https:\/\/www.tucomarca.com\/wordpress\/segunda\/ca\/wp-json\/wp\/v2\/posts\/140894\/revisions"}],"wp:featuredmedia":[{"embeddable":true,"href":"https:\/\/www.tucomarca.com\/wordpress\/segunda\/ca\/wp-json\/wp\/v2\/media\/140892"}],"wp:attachment":[{"href":"https:\/\/www.tucomarca.com\/wordpress\/segunda\/ca\/wp-json\/wp\/v2\/media?parent=140894"}],"wp:term":[{"taxonomy":"category","embeddable":true,"href":"https:\/\/www.tucomarca.com\/wordpress\/segunda\/ca\/wp-json\/wp\/v2\/categories?post=140894"},{"taxonomy":"post_tag","embeddable":true,"href":"https:\/\/www.tucomarca.com\/wordpress\/segunda\/ca\/wp-json\/wp\/v2\/tags?post=140894"}],"curies":[{"name":"wp","href":"https:\/\/api.w.org\/{rel}","templated":true}]}}