{"id":140938,"date":"2021-09-14T14:00:00","date_gmt":"2021-09-14T13:00:00","guid":{"rendered":"http:\/\/www.tucomarca.com\/wordpress\/segunda\/?p=140938"},"modified":"2021-09-16T19:28:56","modified_gmt":"2021-09-16T18:28:56","slug":"cre-a-rural-obri-la-inscripcio-a-tallers-formatius-grupals","status":"publish","type":"post","link":"https:\/\/www.tucomarca.com\/wordpress\/segunda\/ca\/cre-a-rural-obri-la-inscripcio-a-tallers-formatius-grupals\/","title":{"rendered":"CRE-A Rural obri la inscripci\u00f3 a tallers formatius grupals"},"content":{"rendered":"\n<p><em>5 tallers formatius grupals donaran resposta a necessitats comunes d&#8217;empreses locals i emprendedor@s<\/em><\/p>\n\n\n\n<p>Des del projecte de Cooperaci\u00f3 Xarxa Rural Valenciana d&#8217;Emprenedoria CRE-A Rural, promogut pels Grups d&#8217;Acci\u00f3 Local GAL AGAFAR-Sud d&#8217;Alacant, GAL Rural Muntanya d\u2019Alacant, GAL Rurable (Val\u00e8ncia) i GAL Castell\u00f3 Sud 14-20, que naix amb l&#8217;objectiu d&#8217;avaluar i millorar el potencial d&#8217;atracci\u00f3 i retenci\u00f3 de l&#8217;espai rural, s&#8217;impartiran tallers formatius per a ampliar els coneixements d&#8217;empreses i emprendedor@s locals, generant un espai de connexi\u00f3 entre ells.<\/p>\n\n\n\n<p><br>S&#8217;obri el termini perqu\u00e8 totes les pimes i emprendedor@s dels territoris associats als Grups d&#8217;Acci\u00f3 Local, puguen participar en 5 tallers formatius grupals que se celebraran en modalitat en l\u00ednia durant els mesos de setembre i octubre. Es detalla a continuaci\u00f3 el programa de tallers:<\/p>\n\n\n\n<ul class=\"wp-block-list\"><li>Taller 1. Defineix l&#8217;estrat\u00e8gia i disseny de la teua marca<\/li><\/ul>\n\n\n\n<p>Dilluns 20\/09 a les 18:00h<\/p>\n\n\n\n<ul class=\"wp-block-list\"><li>Taller 2. Aliances estrat\u00e8giques i desenvolupament de negoci<\/li><\/ul>\n\n\n\n<p>Dimecres 22\/09 a les 18:00h<\/p>\n\n\n\n<ul class=\"wp-block-list\"><li>Taller 3. Defineix l&#8217;estrat\u00e8gia digital de la teua marca<\/li><\/ul>\n\n\n\n<p>Dimecres 29\/09 a les 18:00h<\/p>\n\n\n\n<ul class=\"wp-block-list\"><li>Taller 4. Facebook Ads<\/li><\/ul>\n\n\n\n<p>Dimecres 06\/10 a les 18:00h<\/p>\n\n\n\n<ul class=\"wp-block-list\"><li>Taller 5. Oportunitats de finan\u00e7ament<\/li><\/ul>\n\n\n\n<p>Dimecres 13\/10 a les 18:00h<\/p>\n\n\n\n<p>La inscripci\u00f3 a aquestes activitats, aix\u00ed com qualsevol consulta sobre aquest tema, pot realitzar-se mitjan\u00e7ant el correu electr\u00f2nic mentorizacioncrearural@gmail.com i\/o a trav\u00e9s del n\u00famero de tel\u00e8fon 672 129 860.<\/p>\n","protected":false},"excerpt":{"rendered":"<div class=\"mh-excerpt\">5 tallers formatius grupals donaran resposta a necessitats comunes d&#8217;empreses locals i emprendedor@s Des del projecte de Cooperaci\u00f3 Xarxa Rural Valenciana d&#8217;Emprenedoria CRE-A Rural, promogut pels Grups d&#8217;Acci\u00f3 Local GAL AGAFAR-Sud d&#8217;Alacant, GAL Rural Muntanya <a class=\"mh-excerpt-more\" href=\"https:\/\/www.tucomarca.com\/wordpress\/segunda\/ca\/cre-a-rural-obri-la-inscripcio-a-tallers-formatius-grupals\/\" title=\"CRE-A Rural obri la inscripci\u00f3 a tallers formatius grupals\">[+] <\/a><\/div>\n","protected":false},"author":1,"featured_media":140936,"comment_status":"open","ping_status":"open","sticky":false,"template":"","format":"standard","meta":{"footnotes":""},"categories":[11019,10905,10894,10904,10909,10896],"tags":[11309,10910],"class_list":{"0":"post-140938","1":"post","2":"type-post","3":"status-publish","4":"format-standard","5":"has-post-thumbnail","7":"category-agenda-ca","8":"category-agricultura-la-comarca-ca","9":"category-la-comarca-ca","10":"category-sin-categorizar-ca","11":"category-requena-utiel-ca","12":"category-seccion-ca","13":"tag-agricultura-ca","14":"tag-requena-utiel-ca"},"_links":{"self":[{"href":"https:\/\/www.tucomarca.com\/wordpress\/segunda\/ca\/wp-json\/wp\/v2\/posts\/140938","targetHints":{"allow":["GET"]}}],"collection":[{"href":"https:\/\/www.tucomarca.com\/wordpress\/segunda\/ca\/wp-json\/wp\/v2\/posts"}],"about":[{"href":"https:\/\/www.tucomarca.com\/wordpress\/segunda\/ca\/wp-json\/wp\/v2\/types\/post"}],"author":[{"embeddable":true,"href":"https:\/\/www.tucomarca.com\/wordpress\/segunda\/ca\/wp-json\/wp\/v2\/users\/1"}],"replies":[{"embeddable":true,"href":"https:\/\/www.tucomarca.com\/wordpress\/segunda\/ca\/wp-json\/wp\/v2\/comments?post=140938"}],"version-history":[{"count":0,"href":"https:\/\/www.tucomarca.com\/wordpress\/segunda\/ca\/wp-json\/wp\/v2\/posts\/140938\/revisions"}],"wp:featuredmedia":[{"embeddable":true,"href":"https:\/\/www.tucomarca.com\/wordpress\/segunda\/ca\/wp-json\/wp\/v2\/media\/140936"}],"wp:attachment":[{"href":"https:\/\/www.tucomarca.com\/wordpress\/segunda\/ca\/wp-json\/wp\/v2\/media?parent=140938"}],"wp:term":[{"taxonomy":"category","embeddable":true,"href":"https:\/\/www.tucomarca.com\/wordpress\/segunda\/ca\/wp-json\/wp\/v2\/categories?post=140938"},{"taxonomy":"post_tag","embeddable":true,"href":"https:\/\/www.tucomarca.com\/wordpress\/segunda\/ca\/wp-json\/wp\/v2\/tags?post=140938"}],"curies":[{"name":"wp","href":"https:\/\/api.w.org\/{rel}","templated":true}]}}