{"id":141002,"date":"2021-09-15T11:00:00","date_gmt":"2021-09-15T10:00:00","guid":{"rendered":"http:\/\/www.tucomarca.com\/wordpress\/segunda\/?p=141002"},"modified":"2021-09-16T18:51:48","modified_gmt":"2021-09-16T17:51:48","slug":"el-pp-de-la-pobla-de-vallbona-denuncia-que-lalcalde-presumeix-de-bonificar-impostos-a-costa-de-pujar-los-als-altres","status":"publish","type":"post","link":"https:\/\/www.tucomarca.com\/wordpress\/segunda\/ca\/el-pp-de-la-pobla-de-vallbona-denuncia-que-lalcalde-presumeix-de-bonificar-impostos-a-costa-de-pujar-los-als-altres\/","title":{"rendered":"El PP de la Pobla de Vallbona denuncia que l&#8217;alcalde presumeix de &#8220;bonificar impostos a costa de pujar-los als altres&#8221;"},"content":{"rendered":"\n<p><strong><em>Els populars qualifiquen de trilerismo fiscal aprovar una bonificaci\u00f3 de la plusv\u00e0lua a les her\u00e8ncies alhora que es puja aqueix mateix impost a la compravenda.<\/em><\/strong><\/p>\n\n\n\n<p><strong><em>Contelles: \u201cL&#8217;alcalde de Comprom\u00eds es vol penjar una medalla, per\u00f2 la medalla la pagaran com sempre els ve\u00efns. Uns ve\u00efns pagaran de la seua butxaca la bonificaci\u00f3 fiscal a uns altres\u201d.&nbsp;<\/em><\/strong><\/p>\n\n\n\n<p><strong><em>El govern municipal de Comprom\u00eds i els seus socis va rebutjar en el ple la proposta del PP per a eliminar la pujada de la plusv\u00e0lua a la compravenda i estendre les bonificacions tamb\u00e9 a les donacions en vida.<\/em><\/strong><\/p>\n\n\n\n<p>El Grup Popular de l&#8217;Ajuntament de La Pobla de Vallbona denuncia que l&#8217;Ajuntament governat per Comprom\u00eds, PSPV, CONTINGENT i Amb tu va aprovar ahir una bonificaci\u00f3 fiscal de la plusv\u00e0lua per a uns ve\u00efns a costa d&#8217;incrementar aqueix mateix impost a uns altres. Els populars qualifiquen de trilerismo fiscal aprovar una bonificaci\u00f3 de la plusv\u00e0lua a les her\u00e8ncies alhora que es puja aqueix mateix impost a la compravenda.<\/p>\n\n\n\n<p>La portaveu popular, Mari Carmen Contelles, ha criticat que \u201cl&#8217;alcalde de Comprom\u00eds es vol penjar una medalla, per\u00f2 la medalla la pagaran com sempre els ve\u00efns. Uns ve\u00efns pagaran de la seua butxaca la bonificaci\u00f3 fiscal a uns altres\u201d.&nbsp;<\/p>\n\n\n\n<p>\u201cDavant aquesta manera tramposa de simular una baixada d&#8217;impostos, des del Partit Popular, presentem en el ple una esmena per a eliminar la pujada de la plusv\u00e0lua a la compra-venda i estendre les bonificacions a les her\u00e8ncies, tamb\u00e9 a les donacions en vida. Per\u00f2 lamentablement per a tots els ve\u00efns, el govern municipal format per Comprom\u00eds i els seus socis van votar en contra d&#8217;un baixada real d&#8217;aquest impost per a tots per igual\u201d, ha lamentat la portaveu popular.<\/p>\n\n\n\n<p>Per a Contelles, \u201cl&#8217;alcalde i els seus socis tornen a demostrar que intenten disfressar la seua incompet\u00e8ncia i falta de gesti\u00f3 amb un nero postureo, tenen altres prioritats que la de rebaixar de manera real i palpable la pressi\u00f3 fiscal a tots els ve\u00efns sense distincions. En lloc de compensar la baixada d&#8217;ingressos amb un rebaixa de les despeses, prefereixen que uns ve\u00efns carreguen amb els beneficis fiscals d&#8217;uns altres. Aix\u00f2 s\u00ed, mantenen intactes els generosos sous de tots els regidors alliberats sent el govern m\u00e9s car de tota la hist\u00f2ria de sa Pobla\u201d.<\/p>\n","protected":false},"excerpt":{"rendered":"<div class=\"mh-excerpt\">Els populars qualifiquen de trilerismo fiscal aprovar una bonificaci\u00f3 de la plusv\u00e0lua a les her\u00e8ncies alhora que es puja aqueix mateix impost a la compravenda. Contelles: \u201cL&#8217;alcalde de Comprom\u00eds es vol penjar una medalla, per\u00f2 <a class=\"mh-excerpt-more\" href=\"https:\/\/www.tucomarca.com\/wordpress\/segunda\/ca\/el-pp-de-la-pobla-de-vallbona-denuncia-que-lalcalde-presumeix-de-bonificar-impostos-a-costa-de-pujar-los-als-altres\/\" title=\"El PP de la Pobla de Vallbona denuncia que l&#8217;alcalde presumeix de &#8220;bonificar impostos a costa de pujar-los als altres&#8221;\">[+] <\/a><\/div>\n","protected":false},"author":1,"featured_media":116761,"comment_status":"open","ping_status":"open","sticky":false,"template":"","format":"standard","meta":{"footnotes":""},"categories":[10892,10948,10894,10904,10915,10947,10896],"tags":[10899,10916,11140],"class_list":{"0":"post-141002","1":"post","2":"type-post","3":"status-publish","4":"format-standard","5":"has-post-thumbnail","7":"category-camp-de-turia-ca","8":"category-infraestructuras-ca","9":"category-la-comarca-ca","10":"category-sin-categorizar-ca","11":"category-la-pobla-ca","12":"category-politica","13":"category-seccion-ca","14":"tag-camp-de-turia-ca","15":"tag-la-pobla-de-vallbona-ca","16":"tag-politica-ca"},"_links":{"self":[{"href":"https:\/\/www.tucomarca.com\/wordpress\/segunda\/ca\/wp-json\/wp\/v2\/posts\/141002","targetHints":{"allow":["GET"]}}],"collection":[{"href":"https:\/\/www.tucomarca.com\/wordpress\/segunda\/ca\/wp-json\/wp\/v2\/posts"}],"about":[{"href":"https:\/\/www.tucomarca.com\/wordpress\/segunda\/ca\/wp-json\/wp\/v2\/types\/post"}],"author":[{"embeddable":true,"href":"https:\/\/www.tucomarca.com\/wordpress\/segunda\/ca\/wp-json\/wp\/v2\/users\/1"}],"replies":[{"embeddable":true,"href":"https:\/\/www.tucomarca.com\/wordpress\/segunda\/ca\/wp-json\/wp\/v2\/comments?post=141002"}],"version-history":[{"count":0,"href":"https:\/\/www.tucomarca.com\/wordpress\/segunda\/ca\/wp-json\/wp\/v2\/posts\/141002\/revisions"}],"wp:featuredmedia":[{"embeddable":true,"href":"https:\/\/www.tucomarca.com\/wordpress\/segunda\/ca\/wp-json\/wp\/v2\/media\/116761"}],"wp:attachment":[{"href":"https:\/\/www.tucomarca.com\/wordpress\/segunda\/ca\/wp-json\/wp\/v2\/media?parent=141002"}],"wp:term":[{"taxonomy":"category","embeddable":true,"href":"https:\/\/www.tucomarca.com\/wordpress\/segunda\/ca\/wp-json\/wp\/v2\/categories?post=141002"},{"taxonomy":"post_tag","embeddable":true,"href":"https:\/\/www.tucomarca.com\/wordpress\/segunda\/ca\/wp-json\/wp\/v2\/tags?post=141002"}],"curies":[{"name":"wp","href":"https:\/\/api.w.org\/{rel}","templated":true}]}}