{"id":141026,"date":"2021-09-16T10:12:14","date_gmt":"2021-09-16T09:12:14","guid":{"rendered":"http:\/\/www.tucomarca.com\/wordpress\/segunda\/?p=141026"},"modified":"2021-09-16T10:12:19","modified_gmt":"2021-09-16T09:12:19","slug":"la-residencia-per-a-persones-majors-la-saleta-betera-dona-80-quilos-daliments-a-creu-roja","status":"publish","type":"post","link":"https:\/\/www.tucomarca.com\/wordpress\/segunda\/ca\/la-residencia-per-a-persones-majors-la-saleta-betera-dona-80-quilos-daliments-a-creu-roja\/","title":{"rendered":"La resid\u00e8ncia per a persones majors La Saleta B\u00e9tera d\u00f3na 80 quilos d&#8217;aliments a Creu Roja"},"content":{"rendered":"\n<h4 class=\"wp-block-heading\">Residents, familiars i professionals del centre de majors realitzen una recollida solid\u00e0ria al llarg del mes d&#8217;agost i setembre<\/h4>\n\n\n\n<p>La resid\u00e8ncia per a persones majors La Saleta B\u00e9tera ha realitzat una donaci\u00f3 d&#8217;un total de 80 quilograms d&#8217;aliments a l&#8217;Assemblea Local de Creu Roja a la Pobla de Vallbona (Val\u00e8ncia).<\/p>\n\n\n\n<p>La directora de la resid\u00e8ncia La Saleta B\u00e9tera, Yolanda Castillo, va entregar la donaci\u00f3 aquest dimarts al president de Creu Roja a la Pobla de Vallbona, Ram\u00f3n Balaguer, i a la directora t\u00e8cnica de Creu Roja a la Pobla de Vallbona, Sacra Dolz.<\/p>\n\n\n\n<p>Els residents, familiars i professionals de la resid\u00e8ncia del Grup Colis\u00e9e han fet la recollida d&#8217;aliments en el marc d&#8217;una activitat solid\u00e0ria al llarg del mes d&#8217;agost i setembre, amb la voluntat de donar suport a la labor de Creu Roja en la zona.<\/p>\n","protected":false},"excerpt":{"rendered":"<div class=\"mh-excerpt\">Residents, familiars i professionals del centre de majors realitzen una recollida solid\u00e0ria al llarg del mes d&#8217;agost i setembre La resid\u00e8ncia per a persones majors La Saleta B\u00e9tera ha realitzat una donaci\u00f3 d&#8217;un total de <a class=\"mh-excerpt-more\" href=\"https:\/\/www.tucomarca.com\/wordpress\/segunda\/ca\/la-residencia-per-a-persones-majors-la-saleta-betera-dona-80-quilos-daliments-a-creu-roja\/\" title=\"La resid\u00e8ncia per a persones majors La Saleta B\u00e9tera d\u00f3na 80 quilos d&#8217;aliments a Creu Roja\">[+] <\/a><\/div>\n","protected":false},"author":1,"featured_media":141024,"comment_status":"open","ping_status":"open","sticky":false,"template":"","format":"standard","meta":{"footnotes":""},"categories":[10937,10892,11010,10894,10896,10897],"tags":[11202,10899,12468],"class_list":{"0":"post-141026","1":"post","2":"type-post","3":"status-publish","4":"format-standard","5":"has-post-thumbnail","7":"category-betera-ca","8":"category-camp-de-turia-ca","9":"category-canal-salud","10":"category-la-comarca-ca","11":"category-seccion-ca","12":"category-sucesos-la-comarca-ca","13":"tag-betera-ca","14":"tag-camp-de-turia-ca","15":"tag-cruz-roja-ca"},"_links":{"self":[{"href":"https:\/\/www.tucomarca.com\/wordpress\/segunda\/ca\/wp-json\/wp\/v2\/posts\/141026","targetHints":{"allow":["GET"]}}],"collection":[{"href":"https:\/\/www.tucomarca.com\/wordpress\/segunda\/ca\/wp-json\/wp\/v2\/posts"}],"about":[{"href":"https:\/\/www.tucomarca.com\/wordpress\/segunda\/ca\/wp-json\/wp\/v2\/types\/post"}],"author":[{"embeddable":true,"href":"https:\/\/www.tucomarca.com\/wordpress\/segunda\/ca\/wp-json\/wp\/v2\/users\/1"}],"replies":[{"embeddable":true,"href":"https:\/\/www.tucomarca.com\/wordpress\/segunda\/ca\/wp-json\/wp\/v2\/comments?post=141026"}],"version-history":[{"count":0,"href":"https:\/\/www.tucomarca.com\/wordpress\/segunda\/ca\/wp-json\/wp\/v2\/posts\/141026\/revisions"}],"wp:featuredmedia":[{"embeddable":true,"href":"https:\/\/www.tucomarca.com\/wordpress\/segunda\/ca\/wp-json\/wp\/v2\/media\/141024"}],"wp:attachment":[{"href":"https:\/\/www.tucomarca.com\/wordpress\/segunda\/ca\/wp-json\/wp\/v2\/media?parent=141026"}],"wp:term":[{"taxonomy":"category","embeddable":true,"href":"https:\/\/www.tucomarca.com\/wordpress\/segunda\/ca\/wp-json\/wp\/v2\/categories?post=141026"},{"taxonomy":"post_tag","embeddable":true,"href":"https:\/\/www.tucomarca.com\/wordpress\/segunda\/ca\/wp-json\/wp\/v2\/tags?post=141026"}],"curies":[{"name":"wp","href":"https:\/\/api.w.org\/{rel}","templated":true}]}}