{"id":141047,"date":"2021-09-16T09:58:16","date_gmt":"2021-09-16T08:58:16","guid":{"rendered":"http:\/\/www.tucomarca.com\/wordpress\/segunda\/?p=141047"},"modified":"2021-09-16T09:58:19","modified_gmt":"2021-09-16T08:58:19","slug":"opinio-adn-valencianista-per-joseh-larrazabal","status":"publish","type":"post","link":"https:\/\/www.tucomarca.com\/wordpress\/segunda\/ca\/opinio-adn-valencianista-per-joseh-larrazabal\/","title":{"rendered":"Opini\u00f3: &#8220;ADN valencianista&#8221;, per J\u00f3seh Larraz\u00e1bal"},"content":{"rendered":"\n<figure class=\"wp-block-image size-large is-resized\"><img loading=\"lazy\" decoding=\"async\" src=\"http:\/\/www.tucomarca.com\/wordpress\/segunda\/wp-content\/uploads\/2021\/07\/JoseLarrazabal-1024x1024.jpg\" alt=\"\" class=\"wp-image-136627\" width=\"112\" height=\"112\" srcset=\"https:\/\/www.tucomarca.com\/wordpress\/segunda\/wp-content\/uploads\/2021\/07\/JoseLarrazabal-1024x1024.jpg 1024w, https:\/\/www.tucomarca.com\/wordpress\/segunda\/wp-content\/uploads\/2021\/07\/JoseLarrazabal-300x300.jpg 300w, https:\/\/www.tucomarca.com\/wordpress\/segunda\/wp-content\/uploads\/2021\/07\/JoseLarrazabal-290x290.jpg 290w, https:\/\/www.tucomarca.com\/wordpress\/segunda\/wp-content\/uploads\/2021\/07\/JoseLarrazabal-768x768.jpg 768w, https:\/\/www.tucomarca.com\/wordpress\/segunda\/wp-content\/uploads\/2021\/07\/JoseLarrazabal.jpg 1086w\" sizes=\"auto, (max-width: 112px) 100vw, 112px\" \/><\/figure>\n\n\n\n<p>Gran decepci\u00f3 per la reacci\u00f3 de gran part de l&#8217;Afici\u00f3 del Val\u00e8ncia en la recent finestra de fitxatges.<br>Miren, no solc entrar molt \u00faltimament en xarxes socials per\u00f2 el que observe per ac\u00ed i per all\u00e0 s\u00f3n expressions i manifestacions poc pretensioses.<br>Molta euf\u00f2ria despr\u00e9s dels 4 primers partits de lliga, aix\u00f2 s\u00ed.<br>Resignaci\u00f3, conformisme, desorientaci\u00f3 i falta de prespectivas ambicioses en els sectors m\u00e9s joves del Valencianisme.<br>S\u00f3n expressions que aquests joves aficionats escolten o lligen en mitjans valencians alineats amb Merit\u00f3n.<br>Som un club venedor, som aix\u00f2 o som l&#8217;un altre\u2026 Sectors de joves valencianistes evangelitzats pel Club i els seus ap\u00f2stols.<br>Miren, un club \u00e9s el que els seus aficionats volen que siga. Res \u00e9s per sempre, res \u00e9s inamovible, res \u00e9s tan ferm que no puga ser reformat, fins i tot \u00e9s necessari fer-ho.<br>L&#8217;\u00fanic &#8220;venedor&#8221; en el vcf \u00e9s el seu propietari, i aix\u00f2 no va registrat en l&#8217;ADN de l&#8217;Afici\u00f3. Aquest vol comprar-vendre i obtindre r\u00e8dits.Aqueixa \u00e9s la pol\u00edtica i el pla de ruta del vcf.<br>No els importa el creixement esportiu de l&#8217;equip.<br>El vcf no \u00e9s ni deixa de ser res, ser\u00e0 el que la seua afici\u00f3 vulga que siga. Si es lluita per canviar les coses es pot.<br>El Val\u00e8ncia ni \u00e9s, en ess\u00e8ncia, ni ha de ser, un club venedor sin\u00f3 un club Gran en fase de creixement institucional i esportiu constant.<br>Propietari venedor per a lucre personal, aix\u00f2 s\u00ed.<br>\u00c9s aix\u00f2 leg\u00edtim? S\u00ed. Sempre que antepose el creixement institucional i esportiu al seu propi creixement patrimonial.<br>Llavors, si aquests aficionats assumeixen aqueix ADN acceptaran que: jugador que represente guanys per al m\u00e0xim accionista, jugador que vendr\u00e0, ignorant o minimitzant el creixement i potenciaci\u00f3 de l&#8217;equip a nivell esportiu.<br>Almenys aqueixos ingressos foren reconvertits \u00edntegres en altres jugadors de nivell similar o superior.<br>Llavors els semblen b\u00e9 les eixides de Ferr\u00e1n, Otamendi, Cancel\u00b7le\u2026? per exemple.<br>En nom d&#8217;aqueix ADN acceptaran de bon grat que Gay\u00e1, Soler o Guedes es vagen?.<br>Ull amb aquests jugadors.<br>On est\u00e0 aqueix gran equip que anava a ser gran a Europa? No \u00e9s aix\u00f2 el que va prometre Lim?.<br>No hauria de ser aqueix l&#8217;ADN del VCF i de la seua Afici\u00f3?<br>No se senten cada vegada m\u00e9s estafats?<br>No s\u00f3n conscients que cada vegada ens inculquen un Val\u00e8ncia CF m\u00e9s xicotet i amb objectius o pretensions menors? \u00c9s m\u00e9s, sense cap objectiu ni pretensi\u00f3.<br>Tot es pot modificar, canviar, reformar\u2026<br>Si en l&#8217;afici\u00f3 del vcf no ha arrelat el gen guanyador, la cultura d&#8217;equip gran, l&#8217;afany de superaci\u00f3, les \u00e0nsies de creixement i l&#8217;ambici\u00f3\u2026 \u00e9s que alguna cosa hem fet malament.<br>Els aficionats m\u00e9s veterans no interessem perqu\u00e8 els aficionats m\u00e9s joves, encara que intel\u00b7ligents i molt formats, sou m\u00e9s passionals. Nosaltres, els de tota la vida, som els que us hem portat fins ac\u00ed, 102 anys tirant del carro.<br>Vosaltres, les Afici\u00f3 m\u00e9s jove, representais la for\u00e7a, la il\u00b7lusi\u00f3, el canvi, el futur. Si els vostres cor i vostre &#8220;Sentimient&#8221; m\u00e9s profund no us demanen un Val\u00e8ncia m\u00e9s gran, per vosaltres i pels quals vindran, \u00e9s que alguna cosa hem fet malament.<br>Si els que us precedim i us hem marcat el cam\u00ed no hem aconseguit despertar els vostres anhels i fer-vos somiar amb un &#8220;Val\u00e8ncia Campi\u00f3,&#8221; \u00e9s que alguna cosa hem fet malament.<br>Si els que anem per davant i marquem el cam\u00ed no hem aconseguit convertir-vos en una afici\u00f3 en constant estat de lluita pel creixement esportiu, \u00e9s que alguna cosa hem fet malament.<br>Si els que hem plorat d&#8217;emoci\u00f3, d&#8217;alegria, de tristesa, abans que vosaltres, no us hem pogut transmetre gen guanyador, cultura d&#8217;equip gran i esperit de lluita, \u00e9s que alguna cosa hem fet malament.<br>Sou els valencianistes joves els que esteu conformant ara el que ser\u00e0 el VCF del futur.<br>Tenim, tots junts, una gran responsabilitat.<br>Per a despr\u00e9s ser\u00e0 tard.<\/p>\n\n\n\n<p>AMUNT SEMPRE!<br>LIM GO HOME!<\/p>\n\n\n\n<p>J\u00f3seh Larraz\u00e1bal.<\/p>\n","protected":false},"excerpt":{"rendered":"<div class=\"mh-excerpt\">Gran decepci\u00f3 per la reacci\u00f3 de gran part de l&#8217;Afici\u00f3 del Val\u00e8ncia en la recent finestra de fitxatges.Miren, no solc entrar molt \u00faltimament en xarxes socials per\u00f2 el que observe per ac\u00ed i per all\u00e0 <a class=\"mh-excerpt-more\" href=\"https:\/\/www.tucomarca.com\/wordpress\/segunda\/ca\/opinio-adn-valencianista-per-joseh-larrazabal\/\" title=\"Opini\u00f3: &#8220;ADN valencianista&#8221;, per J\u00f3seh Larraz\u00e1bal\">[+] <\/a><\/div>\n","protected":false},"author":1,"featured_media":136628,"comment_status":"open","ping_status":"open","sticky":false,"template":"","format":"standard","meta":{"footnotes":""},"categories":[10911,11015,11014,11003,10894,10912,11020,11021,10896],"tags":[10913,15481,10914,12606],"class_list":{"0":"post-141047","1":"post","2":"type-post","3":"status-publish","4":"format-standard","5":"has-post-thumbnail","7":"category-bunol-ca","8":"category-canal-futbol","9":"category-canal-valencia-cf-ca","10":"category-sports","11":"category-la-comarca-ca","12":"category-la-hoya-ca","13":"category-opinion-ca","14":"category-opinion-ca-2","15":"category-seccion-ca","16":"tag-bunol-ca","17":"tag-joseh-larrazabal-ca","18":"tag-la-hoya-de-bunol-chiva-ca","19":"tag-valencia-cf-ca"},"_links":{"self":[{"href":"https:\/\/www.tucomarca.com\/wordpress\/segunda\/ca\/wp-json\/wp\/v2\/posts\/141047","targetHints":{"allow":["GET"]}}],"collection":[{"href":"https:\/\/www.tucomarca.com\/wordpress\/segunda\/ca\/wp-json\/wp\/v2\/posts"}],"about":[{"href":"https:\/\/www.tucomarca.com\/wordpress\/segunda\/ca\/wp-json\/wp\/v2\/types\/post"}],"author":[{"embeddable":true,"href":"https:\/\/www.tucomarca.com\/wordpress\/segunda\/ca\/wp-json\/wp\/v2\/users\/1"}],"replies":[{"embeddable":true,"href":"https:\/\/www.tucomarca.com\/wordpress\/segunda\/ca\/wp-json\/wp\/v2\/comments?post=141047"}],"version-history":[{"count":0,"href":"https:\/\/www.tucomarca.com\/wordpress\/segunda\/ca\/wp-json\/wp\/v2\/posts\/141047\/revisions"}],"wp:featuredmedia":[{"embeddable":true,"href":"https:\/\/www.tucomarca.com\/wordpress\/segunda\/ca\/wp-json\/wp\/v2\/media\/136628"}],"wp:attachment":[{"href":"https:\/\/www.tucomarca.com\/wordpress\/segunda\/ca\/wp-json\/wp\/v2\/media?parent=141047"}],"wp:term":[{"taxonomy":"category","embeddable":true,"href":"https:\/\/www.tucomarca.com\/wordpress\/segunda\/ca\/wp-json\/wp\/v2\/categories?post=141047"},{"taxonomy":"post_tag","embeddable":true,"href":"https:\/\/www.tucomarca.com\/wordpress\/segunda\/ca\/wp-json\/wp\/v2\/tags?post=141047"}],"curies":[{"name":"wp","href":"https:\/\/api.w.org\/{rel}","templated":true}]}}