{"id":141234,"date":"2021-09-17T17:00:00","date_gmt":"2021-09-17T16:00:00","guid":{"rendered":"http:\/\/www.tucomarca.com\/wordpress\/segunda\/?p=141234"},"modified":"2021-09-18T10:56:14","modified_gmt":"2021-09-18T09:56:14","slug":"la-fira-de-les-comarques-de-la-diputacio-se-celebrara-en-la-placa-de-lajuntament-del-24-al-26-de-setembre","status":"publish","type":"post","link":"https:\/\/www.tucomarca.com\/wordpress\/segunda\/ca\/la-fira-de-les-comarques-de-la-diputacio-se-celebrara-en-la-placa-de-lajuntament-del-24-al-26-de-setembre\/","title":{"rendered":"La Fira de les Comarques de la Diputaci\u00f3 se celebrar\u00e0 en la Pla\u00e7a de l&#8217;Ajuntament del 24 al 26 de setembre"},"content":{"rendered":"\n<h4 class=\"wp-block-heading\"><strong>El certamen anual que reunix l&#8217;oferta de productes i destinacions tur\u00edstiques de les comarques valencianes torna al format presencial i estrena empla\u00e7ament en ple centre de Val\u00e8ncia<\/strong><\/h4>\n\n\n\n<figure class=\"wp-block-embed is-type-video is-provider-youtube wp-block-embed-youtube wp-embed-aspect-16-9 wp-has-aspect-ratio\"><div class=\"wp-block-embed__wrapper\">\n<iframe loading=\"lazy\" title=\"La Fira de les Comarques de la Diputaci\u00f3 se celebrar\u00e0 en la Pla\u00e7a de l&#039;Ajuntament\" width=\"500\" height=\"281\" src=\"https:\/\/www.youtube.com\/embed\/1axAtW1t_AQ?feature=oembed\" frameborder=\"0\" allow=\"accelerometer; autoplay; clipboard-write; encrypted-media; gyroscope; picture-in-picture; web-share\" referrerpolicy=\"strict-origin-when-cross-origin\" allowfullscreen><\/iframe>\n<\/div><\/figure>\n\n\n\n<p>La Fira de les Comarques de la Diputaci\u00f3 torna al format presencial despr\u00e9s del par\u00e8ntesi a causa de la pand\u00e8mia i el fa estrenant enclavament en la pla\u00e7a de l&#8217;Ajuntament, en ple cor de Val\u00e8ncia. El certamen organitzat per l&#8217;\u00e0rea de Turisme de la corporaci\u00f3 provincial sota la marca Val\u00e8ncia Turisme se celebrar\u00e0 el cap de setmana del 24 al 26 de setembre.<\/p>\n\n\n\n<p>Amb un format din\u00e0mic i professional, la Fira de les Comarques concentrar\u00e0 des de la vesprada del divendres fins a la del diumenge l&#8217;\u00e0mplia oferta de productes i destinacions tur\u00edstiques de les comarques valencianes. Esta vegada, a m\u00e9s, es commemorar\u00e0 el Dia Mundial del Turisme que apareix marcat en el calendari el 27 de setembre.<\/p>\n\n\n\n<p>El certamen es distribu\u00efx en dos grans espais amb prop de 85 expositors en total. En el primer, el protagonisme \u00e9s per als municipis i mancomunitats, que mostren la seua oferta cultural i gastron\u00f2mica. En el segon, tenen cabuda empreses tur\u00edstiques i entitats locals. En el seu conjunt, la Fira organitzada per la Diputaci\u00f3 oferix als visitants demostracions i actuacions de tota mena, des de showcookings en directe fins al folklore representatiu de les poblacions valencianes, aix\u00ed com presentacions espec\u00edfiques a c\u00e0rrec dels municipis i mancomunitats i activitats per als m\u00e9s menuts.<\/p>\n\n\n\n<p><strong>La fira i els seus horaris<\/strong><\/p>\n\n\n\n<p>L&#8217;objectiu de la fira \u00e9s promocionar entre els ciutadans la variada oferta d&#8217;experi\u00e8ncies i destinacions tur\u00edstiques per a tots els p\u00fablics que reunix la prov\u00edncia de Val\u00e8ncia en el punt neur\u00e0lgic d&#8217;esta, el centre de la capital, per a posar-lo a l&#8217;abast de tots i de manera presencial, despr\u00e9s de l\u2019edici\u00f3 online del passat any.<\/p>\n\n\n\n<p>El p\u00fablic interessat podr\u00e0 visitar la Fira de les Comarques el divendres 24 de setembre, de 17 a 21 hores; el dissabte dia 25, de 10 a 15 hores i de 16.30 a 21 hores; i el diumenge 26, de 10 a 15 hores i de 16.30 a 20 hores.<\/p>\n","protected":false},"excerpt":{"rendered":"<div class=\"mh-excerpt\">El certamen anual que reunix l&#8217;oferta de productes i destinacions tur\u00edstiques de les comarques valencianes torna al format presencial i estrena empla\u00e7ament en ple centre de Val\u00e8ncia La Fira de les Comarques de la Diputaci\u00f3 <a class=\"mh-excerpt-more\" href=\"https:\/\/www.tucomarca.com\/wordpress\/segunda\/ca\/la-fira-de-les-comarques-de-la-diputacio-se-celebrara-en-la-placa-de-lajuntament-del-24-al-26-de-setembre\/\" title=\"La Fira de les Comarques de la Diputaci\u00f3 se celebrar\u00e0 en la Pla\u00e7a de l&#8217;Ajuntament del 24 al 26 de setembre\">[+] <\/a><\/div>\n","protected":false},"author":1,"featured_media":141232,"comment_status":"open","ping_status":"open","sticky":false,"template":"","format":"video","meta":{"footnotes":""},"categories":[11019,10898,10948,10894,10904,11007,10947,10896,11062],"tags":[],"class_list":{"0":"post-141234","1":"post","2":"type-post","3":"status-publish","4":"format-video","5":"has-post-thumbnail","7":"category-agenda-ca","8":"category-ventana-ca","9":"category-infraestructuras-ca","10":"category-la-comarca-ca","11":"category-sin-categorizar-ca","12":"category-ocio-y-cultura-ca","13":"category-politica","14":"category-seccion-ca","15":"category-videos","16":"post_format-post-format-video"},"_links":{"self":[{"href":"https:\/\/www.tucomarca.com\/wordpress\/segunda\/ca\/wp-json\/wp\/v2\/posts\/141234","targetHints":{"allow":["GET"]}}],"collection":[{"href":"https:\/\/www.tucomarca.com\/wordpress\/segunda\/ca\/wp-json\/wp\/v2\/posts"}],"about":[{"href":"https:\/\/www.tucomarca.com\/wordpress\/segunda\/ca\/wp-json\/wp\/v2\/types\/post"}],"author":[{"embeddable":true,"href":"https:\/\/www.tucomarca.com\/wordpress\/segunda\/ca\/wp-json\/wp\/v2\/users\/1"}],"replies":[{"embeddable":true,"href":"https:\/\/www.tucomarca.com\/wordpress\/segunda\/ca\/wp-json\/wp\/v2\/comments?post=141234"}],"version-history":[{"count":0,"href":"https:\/\/www.tucomarca.com\/wordpress\/segunda\/ca\/wp-json\/wp\/v2\/posts\/141234\/revisions"}],"wp:featuredmedia":[{"embeddable":true,"href":"https:\/\/www.tucomarca.com\/wordpress\/segunda\/ca\/wp-json\/wp\/v2\/media\/141232"}],"wp:attachment":[{"href":"https:\/\/www.tucomarca.com\/wordpress\/segunda\/ca\/wp-json\/wp\/v2\/media?parent=141234"}],"wp:term":[{"taxonomy":"category","embeddable":true,"href":"https:\/\/www.tucomarca.com\/wordpress\/segunda\/ca\/wp-json\/wp\/v2\/categories?post=141234"},{"taxonomy":"post_tag","embeddable":true,"href":"https:\/\/www.tucomarca.com\/wordpress\/segunda\/ca\/wp-json\/wp\/v2\/tags?post=141234"}],"curies":[{"name":"wp","href":"https:\/\/api.w.org\/{rel}","templated":true}]}}