{"id":141281,"date":"2021-09-20T19:05:00","date_gmt":"2021-09-20T18:05:00","guid":{"rendered":"http:\/\/www.tucomarca.com\/wordpress\/segunda\/?p=141281"},"modified":"2021-09-21T10:21:47","modified_gmt":"2021-09-21T09:21:47","slug":"un-espai-redo-per-a-la-fp-en-el-complex-educatiu-de-xest","status":"publish","type":"post","link":"https:\/\/www.tucomarca.com\/wordpress\/segunda\/ca\/un-espai-redo-per-a-la-fp-en-el-complex-educatiu-de-xest\/","title":{"rendered":"Un espai red\u00f3 per a la FP en el Complex Educatiu de Xest"},"content":{"rendered":"\n<p><strong>L&#8217;antiga laboral continua apostant per la formaci\u00f3 professional i condiciona noves aules en un dels seus dos enormes edificis circulars.<\/strong><\/p>\n\n\n\n<p>El que antany va ser un menjador de planta circular amb capacitat per a 1500 comensals albergar\u00e0 des d&#8217;aquest curs les noves aules destinades a Inform\u00e0tica i Comunicacions de Grau Mitj\u00e0 i Superior que s&#8217;imparteix en el Centre Integrat P\u00fablic de Formaci\u00f3 Professional. L&#8217;ampliaci\u00f3 de la seua oferta formativa requereix nous espais, i \u201ctenim la voluntat de recuperar la totalitat de l&#8217;espai del qual disposem, que no \u00e9s poc. La Formaci\u00f3 Professional de qualitat \u00e9s una prioritat\u201d ha assenyalat Lucas Ferrando Zapater Director-Gerent del Cech.&nbsp;<\/p>\n\n\n\n<p>Les edificacions del complex daten de 1969 i adaptar-les a les actuals exig\u00e8ncies de seguretat i utilitzaci\u00f3 requereix un esfor\u00e7 significatiu, aix\u00ed des de la direcci\u00f3 del CIP-FP i la ger\u00e8ncia, es treballa des de finals de maig perqu\u00e8 tot estiguera llest per a l&#8217;inici de curs. \u201cEl treball ha sigut intens, per\u00f2 hui comptem amb instal\u00b7lacions m\u00e9s modernes i millor adaptades a les necessitats de l&#8217;alumnat d&#8217;aquests cicles\u201d ens comenta el director de l&#8217;institut Jose\u00b4Pascual Jimenez.<\/p>\n\n\n\n<p>El menjador circular torna a mostrar siluetes en les seues baranes, motxilles, riures, bull\u00edcia de joventut. Els caracter\u00edstics finestrals reflecteixen la nova funci\u00f3 del formig\u00f3 fet escultura, impartir coneixement, noves il\u00b7lusions o l&#8217;esfor\u00e7, en definitiva l&#8217;oportunitat d&#8217;un futur m\u00e9s esperan\u00e7ador. Es tracta doncs d&#8217;una aposta decidida per recuperar i preservar espais que donen resposta a les noves necessitats educatives.<br>En completar-se el projecte m\u00e9s de 260 xiques i xics es formaran, entre bits, en les noves aules d&#8217;aquest entorn singular. Per la seua part el professorat compta amb majors i millors dotacions en la seua funci\u00f3 departamental i docent.\u00a0<\/p>\n\n\n\n<p><\/p>\n\n\n\n<figure class=\"wp-block-gallery columns-3 is-cropped wp-block-gallery-1 is-layout-flex wp-block-gallery-is-layout-flex\"><ul class=\"blocks-gallery-grid\"><li class=\"blocks-gallery-item\"><figure><img loading=\"lazy\" decoding=\"async\" width=\"301\" height=\"187\" src=\"http:\/\/www.tucomarca.com\/wordpress\/segunda\/wp-content\/uploads\/2021\/09\/aulas_fp_redondo8.jpg\" alt=\"\" data-id=\"141351\" data-full-url=\"http:\/\/www.tucomarca.com\/wordpress\/segunda\/wp-content\/uploads\/2021\/09\/aulas_fp_redondo8.jpg\" data-link=\"https:\/\/www.tucomarca.com\/wordpress\/segunda\/ca\/un-espai-redo-per-a-la-fp-en-el-complex-educatiu-de-xest\/aulas_fp_redondo8-2\/\" class=\"wp-image-141351\"\/><\/figure><\/li><li class=\"blocks-gallery-item\"><figure><img loading=\"lazy\" decoding=\"async\" width=\"217\" height=\"180\" src=\"http:\/\/www.tucomarca.com\/wordpress\/segunda\/wp-content\/uploads\/2021\/09\/aulas_fp_redondo7.jpg\" alt=\"\" data-id=\"141349\" data-full-url=\"http:\/\/www.tucomarca.com\/wordpress\/segunda\/wp-content\/uploads\/2021\/09\/aulas_fp_redondo7.jpg\" data-link=\"https:\/\/www.tucomarca.com\/wordpress\/segunda\/ca\/un-espai-redo-per-a-la-fp-en-el-complex-educatiu-de-xest\/aulas_fp_redondo7-2\/\" class=\"wp-image-141349\"\/><\/figure><\/li><li class=\"blocks-gallery-item\"><figure><img loading=\"lazy\" decoding=\"async\" width=\"250\" height=\"193\" src=\"http:\/\/www.tucomarca.com\/wordpress\/segunda\/wp-content\/uploads\/2021\/09\/aulas_fp_redondo6.jpg\" alt=\"\" data-id=\"141346\" data-full-url=\"http:\/\/www.tucomarca.com\/wordpress\/segunda\/wp-content\/uploads\/2021\/09\/aulas_fp_redondo6.jpg\" data-link=\"https:\/\/www.tucomarca.com\/wordpress\/segunda\/ca\/un-espai-redo-per-a-la-fp-en-el-complex-educatiu-de-xest\/aulas_fp_redondo6-2\/\" class=\"wp-image-141346\"\/><\/figure><\/li><li class=\"blocks-gallery-item\"><figure><img loading=\"lazy\" decoding=\"async\" width=\"229\" height=\"176\" src=\"http:\/\/www.tucomarca.com\/wordpress\/segunda\/wp-content\/uploads\/2021\/09\/aulas_fp_redondo4.jpg\" alt=\"\" data-id=\"141344\" data-full-url=\"http:\/\/www.tucomarca.com\/wordpress\/segunda\/wp-content\/uploads\/2021\/09\/aulas_fp_redondo4.jpg\" data-link=\"https:\/\/www.tucomarca.com\/wordpress\/segunda\/ca\/un-espai-redo-per-a-la-fp-en-el-complex-educatiu-de-xest\/aulas_fp_redondo4-2\/\" class=\"wp-image-141344\" srcset=\"https:\/\/www.tucomarca.com\/wordpress\/segunda\/wp-content\/uploads\/2021\/09\/aulas_fp_redondo4.jpg 229w, https:\/\/www.tucomarca.com\/wordpress\/segunda\/wp-content\/uploads\/2021\/09\/aulas_fp_redondo4-80x60.jpg 80w\" sizes=\"auto, (max-width: 229px) 100vw, 229px\" \/><\/figure><\/li><\/ul><\/figure>\n","protected":false},"excerpt":{"rendered":"<div class=\"mh-excerpt\">L&#8217;antiga laboral continua apostant per la formaci\u00f3 professional i condiciona noves aules en un dels seus dos enormes edificis circulars. El que antany va ser un menjador de planta circular amb capacitat per a 1500 <a class=\"mh-excerpt-more\" href=\"https:\/\/www.tucomarca.com\/wordpress\/segunda\/ca\/un-espai-redo-per-a-la-fp-en-el-complex-educatiu-de-xest\/\" title=\"Un espai red\u00f3 per a la FP en el Complex Educatiu de Xest\">[+] <\/a><\/div>\n","protected":false},"author":1,"featured_media":115879,"comment_status":"open","ping_status":"open","sticky":false,"template":"","format":"gallery","meta":{"footnotes":""},"categories":[12429,10948,10894,10912,10896,10974],"tags":[11071,10914],"class_list":{"0":"post-141281","1":"post","2":"type-post","3":"status-publish","4":"format-gallery","5":"has-post-thumbnail","7":"category-educacion-seccion-ca","8":"category-infraestructuras-ca","9":"category-la-comarca-ca","10":"category-la-hoya-ca","11":"category-seccion-ca","12":"category-cheste-ca","13":"tag-cheste","14":"tag-la-hoya-de-bunol-chiva-ca","15":"post_format-post-format-gallery"},"_links":{"self":[{"href":"https:\/\/www.tucomarca.com\/wordpress\/segunda\/ca\/wp-json\/wp\/v2\/posts\/141281","targetHints":{"allow":["GET"]}}],"collection":[{"href":"https:\/\/www.tucomarca.com\/wordpress\/segunda\/ca\/wp-json\/wp\/v2\/posts"}],"about":[{"href":"https:\/\/www.tucomarca.com\/wordpress\/segunda\/ca\/wp-json\/wp\/v2\/types\/post"}],"author":[{"embeddable":true,"href":"https:\/\/www.tucomarca.com\/wordpress\/segunda\/ca\/wp-json\/wp\/v2\/users\/1"}],"replies":[{"embeddable":true,"href":"https:\/\/www.tucomarca.com\/wordpress\/segunda\/ca\/wp-json\/wp\/v2\/comments?post=141281"}],"version-history":[{"count":0,"href":"https:\/\/www.tucomarca.com\/wordpress\/segunda\/ca\/wp-json\/wp\/v2\/posts\/141281\/revisions"}],"wp:featuredmedia":[{"embeddable":true,"href":"https:\/\/www.tucomarca.com\/wordpress\/segunda\/ca\/wp-json\/wp\/v2\/media\/115879"}],"wp:attachment":[{"href":"https:\/\/www.tucomarca.com\/wordpress\/segunda\/ca\/wp-json\/wp\/v2\/media?parent=141281"}],"wp:term":[{"taxonomy":"category","embeddable":true,"href":"https:\/\/www.tucomarca.com\/wordpress\/segunda\/ca\/wp-json\/wp\/v2\/categories?post=141281"},{"taxonomy":"post_tag","embeddable":true,"href":"https:\/\/www.tucomarca.com\/wordpress\/segunda\/ca\/wp-json\/wp\/v2\/tags?post=141281"}],"curies":[{"name":"wp","href":"https:\/\/api.w.org\/{rel}","templated":true}]}}