{"id":141442,"date":"2021-09-22T18:00:00","date_gmt":"2021-09-22T17:00:00","guid":{"rendered":"http:\/\/www.tucomarca.com\/wordpress\/segunda\/?p=141442"},"modified":"2021-09-24T00:09:20","modified_gmt":"2021-09-23T23:09:20","slug":"sanitat-notifica-261-nous-casos-de-coronavirus-i-351-altes-en-la-comunitat-valenciana","status":"publish","type":"post","link":"https:\/\/www.tucomarca.com\/wordpress\/segunda\/ca\/sanitat-notifica-261-nous-casos-de-coronavirus-i-351-altes-en-la-comunitat-valenciana\/","title":{"rendered":"Sanitat notifica 261 nous casos de coronavirus i 351 altes en la Comunitat Valenciana"},"content":{"rendered":"\n<h4 class=\"wp-block-heading\">S&#8217;han registrat 44 nous casos a Castell\u00f3, 111 a Alacant i 106 a Val\u00e8ncia<\/h4>\n\n\n\n<h4 class=\"wp-block-heading\">Un total de 3.923.634 persones compten ja amb la pauta completa d&#8217;immunitzaci\u00f3<\/h4>\n\n\n\n<p>Un total de 4.041.059 persones han rebut ja una dosi de la vacuna contra el coronavirus en la Comunitat Valenciana. A m\u00e9s, en aquests moments, compten amb la pauta completa d&#8217;immunitzaci\u00f3 (dues dosis per a Pfizer, Moderna yAstraZeneca; la monodosis de Janssen i una dosi de qualsevol vacuna en les persones amb antecedents d&#8217;haver passat la COVID-19) 3.923.634 persones. Per part seua, s&#8217;ha administrat un total de 2.068 dosi de refor\u00e7 a persones amb patologia de risc i persones majors institucionalitzades.<\/p>\n\n\n\n<p>D&#8217;altra banda, la Conselleria ha notificat, des de l&#8217;\u00faltima actualitzaci\u00f3, 261 casos nous de coronavirus confirmats per prova PCR o a trav\u00e9s de test d&#8217;ant\u00edgens. Amb aquests nous casos, la xifra total de positius se situa en 508.527 persones. Els nous casos per prov\u00edncies s\u00f3n 44 a Castell\u00f3 (52.786 en total); 111 a Alacant (186.373 en total) i 106 a Val\u00e8ncia (269.366 en total). Continua havent-hi 2 casos no assignats.<\/p>\n\n\n\n<p>A m\u00e9s, s&#8217;han registrat 351 altes a pacients amb coronavirus. D&#8217;aquesta manera, el nombre de persones que han superat la malaltia des que va comen\u00e7ar la pand\u00e8mia en la Comunitat Valenciana ascendeix a 509.430 persones. Per prov\u00edncies, les altes es distribueixen aix\u00ed: 53.121 a Castell\u00f3, 185.948 a Alacant i 270.304 a Val\u00e8ncia. El total d&#8217;altes no assignades es mant\u00e9 en 57.<\/p>\n\n\n\n<p>Els hospitals valencians tenen, actualment, 188 persones ingressades, 59 d&#8217;elles en l&#8217;UCI: 31 a la prov\u00edncia de Castell\u00f3, 6 en UCI; 79 a la prov\u00edncia d&#8217;Alacant, 26 d&#8217;elles en l&#8217;UCI; i 78 a la prov\u00edncia de Val\u00e8ncia, 27 d&#8217;elles en UCI.<\/p>\n\n\n\n<p>A m\u00e9s, s&#8217;ha registrat 1 defunci\u00f3 (d&#8217;agost), per la qual cosa el total de decessos des de l&#8217;inici de la pand\u00e8mia se situa en 7.767: 842 a la prov\u00edncia de Castell\u00f3, 2.973 en la d&#8217;Alacant i 3.952 en la de Val\u00e8ncia.<\/p>\n\n\n\n<p>D&#8217;acord amb les dades registrades, en aquests moments hi ha 2.782 casos actius, la qual cosa suposa un 0,54% del total de positius.<\/p>\n\n\n\n<p>Des de l&#8217;\u00faltima actualitzaci\u00f3, no s&#8217;han registrat brots amb 10 o m\u00e9s casos associats.<\/p>\n\n\n\n<p><\/p>\n","protected":false},"excerpt":{"rendered":"<div class=\"mh-excerpt\">S&#8217;han registrat 44 nous casos a Castell\u00f3, 111 a Alacant i 106 a Val\u00e8ncia Un total de 3.923.634 persones compten ja amb la pauta completa d&#8217;immunitzaci\u00f3 Un total de 4.041.059 persones han rebut ja una <a class=\"mh-excerpt-more\" href=\"https:\/\/www.tucomarca.com\/wordpress\/segunda\/ca\/sanitat-notifica-261-nous-casos-de-coronavirus-i-351-altes-en-la-comunitat-valenciana\/\" title=\"Sanitat notifica 261 nous casos de coronavirus i 351 altes en la Comunitat Valenciana\">[+] <\/a><\/div>\n","protected":false},"author":12,"featured_media":129628,"comment_status":"open","ping_status":"open","sticky":false,"template":"","format":"standard","meta":{"footnotes":""},"categories":[11010,10898,10948,10894,10904,10903,10947,10896,10897],"tags":[12165,11939,11940,13477,13963],"class_list":{"0":"post-141442","1":"post","2":"type-post","3":"status-publish","4":"format-standard","5":"has-post-thumbnail","7":"category-canal-salud","8":"category-ventana-ca","9":"category-infraestructuras-ca","10":"category-la-comarca-ca","11":"category-sin-categorizar-ca","12":"category-medio-ambiente-la-comarca-ca","13":"category-politica","14":"category-seccion-ca","15":"category-sucesos-la-comarca-ca","16":"tag-conselleria-de-sanitat-ca","17":"tag-coronavirus-ca","18":"tag-covid-19-ca","19":"tag-datos-de-contagios-ca","20":"tag-vacunacion-ca"},"_links":{"self":[{"href":"https:\/\/www.tucomarca.com\/wordpress\/segunda\/ca\/wp-json\/wp\/v2\/posts\/141442","targetHints":{"allow":["GET"]}}],"collection":[{"href":"https:\/\/www.tucomarca.com\/wordpress\/segunda\/ca\/wp-json\/wp\/v2\/posts"}],"about":[{"href":"https:\/\/www.tucomarca.com\/wordpress\/segunda\/ca\/wp-json\/wp\/v2\/types\/post"}],"author":[{"embeddable":true,"href":"https:\/\/www.tucomarca.com\/wordpress\/segunda\/ca\/wp-json\/wp\/v2\/users\/12"}],"replies":[{"embeddable":true,"href":"https:\/\/www.tucomarca.com\/wordpress\/segunda\/ca\/wp-json\/wp\/v2\/comments?post=141442"}],"version-history":[{"count":0,"href":"https:\/\/www.tucomarca.com\/wordpress\/segunda\/ca\/wp-json\/wp\/v2\/posts\/141442\/revisions"}],"wp:featuredmedia":[{"embeddable":true,"href":"https:\/\/www.tucomarca.com\/wordpress\/segunda\/ca\/wp-json\/wp\/v2\/media\/129628"}],"wp:attachment":[{"href":"https:\/\/www.tucomarca.com\/wordpress\/segunda\/ca\/wp-json\/wp\/v2\/media?parent=141442"}],"wp:term":[{"taxonomy":"category","embeddable":true,"href":"https:\/\/www.tucomarca.com\/wordpress\/segunda\/ca\/wp-json\/wp\/v2\/categories?post=141442"},{"taxonomy":"post_tag","embeddable":true,"href":"https:\/\/www.tucomarca.com\/wordpress\/segunda\/ca\/wp-json\/wp\/v2\/tags?post=141442"}],"curies":[{"name":"wp","href":"https:\/\/api.w.org\/{rel}","templated":true}]}}