{"id":141450,"date":"2021-09-23T08:00:00","date_gmt":"2021-09-23T07:00:00","guid":{"rendered":"http:\/\/www.tucomarca.com\/wordpress\/segunda\/?p=141450"},"modified":"2021-09-24T00:13:41","modified_gmt":"2021-09-23T23:13:41","slug":"ava-asaja-xifra-en-8-milions-les-perdues-agraries-en-els-primers-espertenecs-del-temporal","status":"publish","type":"post","link":"https:\/\/www.tucomarca.com\/wordpress\/segunda\/ca\/ava-asaja-xifra-en-8-milions-les-perdues-agraries-en-els-primers-espertenecs-del-temporal\/","title":{"rendered":"AVA-ASAJA xifra en 8 milions les p\u00e8rdues agr\u00e0ries en els primers espertenecs del temporal"},"content":{"rendered":"\n<p>El temporal que durant aquesta setmana mant\u00e9 en alerta a la Comunitat Valenciana ja est\u00e0 tenint els seus primers efectes sobre l&#8217;agricultura. Segons una estimaci\u00f3 provisional de l&#8217;Associaci\u00f3 Valenciana d&#8217;Agricultors (AVA-ASAJA), efectuada a l&#8217;espera de noves precipitacions en els pr\u00f2xims dies, les pluges estan resultant beneficioses en l\u00ednies generals per a tots els cultius pendents de recol\u00b7lecci\u00f3 \u2013c\u00edtrics, ra\u00efm, olivar, caquis, arr\u00f2s, hortalisses, etc.\u2013 perqu\u00e8 contribueixen a netejar les plantacions, millorar el calibre i la qualitat productiva, estalviar en regs i recarregar els aq\u00fc\u00edfers. No obstant aix\u00f2, la pedra ha provocat en zones puntuals danys de fins al 100% de la collita que es tradueixen en uns 8 milions de p\u00e8rdues directes.<\/p>\n\n\n\n<p>AVA-ASAJA estima que la pedra ha destrossat m\u00e9s de 20.000 tones de caquis i c\u00edtrics a la Ribera Alta. Carlet \u00e9s el terme municipal m\u00e9s afectat, amb 17.000 tones afectades \u201314.000 de caquis i 3.000 de mandarines i taronges\u2013, seguit de Catadau \u20133.000 tones de caquis\u2013 i en menor mesura altres localitats confrontants com Alfarp, Algemes\u00ed o Albalat de la Ribera. El delegat de AVA-Carlet, Fernando Herv\u00e1s, lamenta que \u201cla pedra ha caigut sobretot en els camps m\u00e9s nets de cotonet, per la qual cosa entre les plagues i ara la pedra la producci\u00f3 de caqui a Carlet es veur\u00e0 redu\u00efda a la meitat de la inicialment prevista. Els danys en els c\u00edtrics, en canvi, s&#8217;apreciaran millor amb el pas dels dies. A m\u00e9s de les p\u00e8rdues dels productors, caldr\u00e0 sumar els jornals que es perdran\u201d. Informa, <strong>Luis Ib\u00e1\u00f1ez<\/strong>.<\/p>\n","protected":false},"excerpt":{"rendered":"<div class=\"mh-excerpt\">El temporal que durant aquesta setmana mant\u00e9 en alerta a la Comunitat Valenciana ja est\u00e0 tenint els seus primers efectes sobre l&#8217;agricultura. Segons una estimaci\u00f3 provisional de l&#8217;Associaci\u00f3 Valenciana d&#8217;Agricultors (AVA-ASAJA), efectuada a l&#8217;espera de <a class=\"mh-excerpt-more\" href=\"https:\/\/www.tucomarca.com\/wordpress\/segunda\/ca\/ava-asaja-xifra-en-8-milions-les-perdues-agraries-en-els-primers-espertenecs-del-temporal\/\" title=\"AVA-ASAJA xifra en 8 milions les p\u00e8rdues agr\u00e0ries en els primers espertenecs del temporal\">[+] <\/a><\/div>\n","protected":false},"author":12,"featured_media":114305,"comment_status":"open","ping_status":"open","sticky":false,"template":"","format":"standard","meta":{"footnotes":""},"categories":[10905,10990,10898,10948,10894,10904,10902,10896,10897],"tags":[11309,11082,11077],"class_list":{"0":"post-141450","1":"post","2":"type-post","3":"status-publish","4":"format-standard","5":"has-post-thumbnail","7":"category-agricultura-la-comarca-ca","8":"category-carlet-ca","9":"category-ventana-ca","10":"category-infraestructuras-ca","11":"category-la-comarca-ca","12":"category-sin-categorizar-ca","13":"category-la-ribera-ca","14":"category-seccion-ca","15":"category-sucesos-la-comarca-ca","16":"tag-agricultura-ca","17":"tag-carlet-ca","18":"tag-la-ribera-alta-ca"},"_links":{"self":[{"href":"https:\/\/www.tucomarca.com\/wordpress\/segunda\/ca\/wp-json\/wp\/v2\/posts\/141450","targetHints":{"allow":["GET"]}}],"collection":[{"href":"https:\/\/www.tucomarca.com\/wordpress\/segunda\/ca\/wp-json\/wp\/v2\/posts"}],"about":[{"href":"https:\/\/www.tucomarca.com\/wordpress\/segunda\/ca\/wp-json\/wp\/v2\/types\/post"}],"author":[{"embeddable":true,"href":"https:\/\/www.tucomarca.com\/wordpress\/segunda\/ca\/wp-json\/wp\/v2\/users\/12"}],"replies":[{"embeddable":true,"href":"https:\/\/www.tucomarca.com\/wordpress\/segunda\/ca\/wp-json\/wp\/v2\/comments?post=141450"}],"version-history":[{"count":0,"href":"https:\/\/www.tucomarca.com\/wordpress\/segunda\/ca\/wp-json\/wp\/v2\/posts\/141450\/revisions"}],"wp:featuredmedia":[{"embeddable":true,"href":"https:\/\/www.tucomarca.com\/wordpress\/segunda\/ca\/wp-json\/wp\/v2\/media\/114305"}],"wp:attachment":[{"href":"https:\/\/www.tucomarca.com\/wordpress\/segunda\/ca\/wp-json\/wp\/v2\/media?parent=141450"}],"wp:term":[{"taxonomy":"category","embeddable":true,"href":"https:\/\/www.tucomarca.com\/wordpress\/segunda\/ca\/wp-json\/wp\/v2\/categories?post=141450"},{"taxonomy":"post_tag","embeddable":true,"href":"https:\/\/www.tucomarca.com\/wordpress\/segunda\/ca\/wp-json\/wp\/v2\/tags?post=141450"}],"curies":[{"name":"wp","href":"https:\/\/api.w.org\/{rel}","templated":true}]}}