{"id":141455,"date":"2021-09-23T09:00:00","date_gmt":"2021-09-23T08:00:00","guid":{"rendered":"http:\/\/www.tucomarca.com\/wordpress\/segunda\/?p=141455"},"modified":"2021-09-24T00:02:46","modified_gmt":"2021-09-23T23:02:46","slug":"xest-homenatja-els-centres-educatius-per-la-seua-labor-en-temps-de-pandemia","status":"publish","type":"post","link":"https:\/\/www.tucomarca.com\/wordpress\/segunda\/ca\/xest-homenatja-els-centres-educatius-per-la-seua-labor-en-temps-de-pandemia\/","title":{"rendered":"Xest homenatja els centres educatius per la seua labor en temps de pand\u00e8mia"},"content":{"rendered":"\n<p>Des de les regidories d&#8217;Educaci\u00f3 i Cultura s&#8217;homenatjar\u00e0 els centres educatius de la localitat amb un v\u00eddeo titulat Cr\u00f2nica del valor de l&#8217;Escola en temps de pand\u00e8mia, realitzat amb testimoniatges de la comunitat educativa.&nbsp;<\/p>\n\n\n\n<p>\u201cL&#8217;escola, aqueix lloc de trobada, desenvolupament i creixement, s&#8217;ha adaptat al nou context de pand\u00e8mia d&#8217;una manera exemplar; el professorat ha sabut trobar les bretxes que ens presenta aquesta nova situaci\u00f3, ajudant l&#8217;alumnat a trobar en l&#8217;espai educatiu un lloc d&#8217;acompanyament i aprenentatge\u201d, ha apuntat la regidora M\u00aa \u00c1ngeles Llorente. \u201cVolem recon\u00e9ixer la labor de la comunitat educativa en aquests temps tan convulsos i deixar un testimoniatge audiovisual per a futures generacions\u201d.<\/p>\n\n\n\n<p>El v\u00eddeo s&#8217;estrenar\u00e0 diumenge que ve, 26 de setembre, en el Teatre Liceu, en un primer acte que tamb\u00e9 comptar\u00e0 amb un recital musical a c\u00e0rrec de la Escoleta del Cor de L&#8217;Eliana. Per a aquest primer passe ja s&#8217;ha completat l&#8217;aforament m\u00e0xim perm\u00e9s amb l&#8217;assist\u00e8ncia dels i les protagonistes del projecte audiovisual.&nbsp;<\/p>\n\n\n\n<p>\u201cLa normativa actual no ens permet reunir m\u00e9s persones en el teatre Liceu, per\u00f2 at\u00e9s que som conscients de l&#8217;inter\u00e9s que tindr\u00e0 per a la poblaci\u00f3 aquest acte, hem decidit repetir-lo el 7 de desembre. A m\u00e9s, els centres educatius projectaran el v\u00eddeo en les dates que ells mateixos trien\u201d, ha assenyalat Llorente.<\/p>\n","protected":false},"excerpt":{"rendered":"<div class=\"mh-excerpt\">Des de les regidories d&#8217;Educaci\u00f3 i Cultura s&#8217;homenatjar\u00e0 els centres educatius de la localitat amb un v\u00eddeo titulat Cr\u00f2nica del valor de l&#8217;Escola en temps de pand\u00e8mia, realitzat amb testimoniatges de la comunitat educativa.&nbsp; \u201cL&#8217;escola, <a class=\"mh-excerpt-more\" href=\"https:\/\/www.tucomarca.com\/wordpress\/segunda\/ca\/xest-homenatja-els-centres-educatius-per-la-seua-labor-en-temps-de-pandemia\/\" title=\"Xest homenatja els centres educatius per la seua labor en temps de pand\u00e8mia\">[+] <\/a><\/div>\n","protected":false},"author":12,"featured_media":122754,"comment_status":"open","ping_status":"open","sticky":false,"template":"","format":"standard","meta":{"footnotes":""},"categories":[12429,10894,10912,11007,10896,10974],"tags":[11071,10914],"class_list":{"0":"post-141455","1":"post","2":"type-post","3":"status-publish","4":"format-standard","5":"has-post-thumbnail","7":"category-educacion-seccion-ca","8":"category-la-comarca-ca","9":"category-la-hoya-ca","10":"category-ocio-y-cultura-ca","11":"category-seccion-ca","12":"category-cheste-ca","13":"tag-cheste","14":"tag-la-hoya-de-bunol-chiva-ca"},"_links":{"self":[{"href":"https:\/\/www.tucomarca.com\/wordpress\/segunda\/ca\/wp-json\/wp\/v2\/posts\/141455","targetHints":{"allow":["GET"]}}],"collection":[{"href":"https:\/\/www.tucomarca.com\/wordpress\/segunda\/ca\/wp-json\/wp\/v2\/posts"}],"about":[{"href":"https:\/\/www.tucomarca.com\/wordpress\/segunda\/ca\/wp-json\/wp\/v2\/types\/post"}],"author":[{"embeddable":true,"href":"https:\/\/www.tucomarca.com\/wordpress\/segunda\/ca\/wp-json\/wp\/v2\/users\/12"}],"replies":[{"embeddable":true,"href":"https:\/\/www.tucomarca.com\/wordpress\/segunda\/ca\/wp-json\/wp\/v2\/comments?post=141455"}],"version-history":[{"count":0,"href":"https:\/\/www.tucomarca.com\/wordpress\/segunda\/ca\/wp-json\/wp\/v2\/posts\/141455\/revisions"}],"wp:featuredmedia":[{"embeddable":true,"href":"https:\/\/www.tucomarca.com\/wordpress\/segunda\/ca\/wp-json\/wp\/v2\/media\/122754"}],"wp:attachment":[{"href":"https:\/\/www.tucomarca.com\/wordpress\/segunda\/ca\/wp-json\/wp\/v2\/media?parent=141455"}],"wp:term":[{"taxonomy":"category","embeddable":true,"href":"https:\/\/www.tucomarca.com\/wordpress\/segunda\/ca\/wp-json\/wp\/v2\/categories?post=141455"},{"taxonomy":"post_tag","embeddable":true,"href":"https:\/\/www.tucomarca.com\/wordpress\/segunda\/ca\/wp-json\/wp\/v2\/tags?post=141455"}],"curies":[{"name":"wp","href":"https:\/\/api.w.org\/{rel}","templated":true}]}}