{"id":141537,"date":"2021-09-26T09:00:00","date_gmt":"2021-09-26T08:00:00","guid":{"rendered":"http:\/\/www.tucomarca.com\/wordpress\/segunda\/?p=141537"},"modified":"2021-09-27T02:52:51","modified_gmt":"2021-09-27T01:52:51","slug":"les-brigades-forestals-de-la-diputacio-participen-en-135-serveis-demergencia-este-estiu","status":"publish","type":"post","link":"https:\/\/www.tucomarca.com\/wordpress\/segunda\/ca\/les-brigades-forestals-de-la-diputacio-participen-en-135-serveis-demergencia-este-estiu\/","title":{"rendered":"Les brigades forestals de la Diputaci\u00f3 participen en 135 serveis d&#8217;emerg\u00e8ncia este estiu"},"content":{"rendered":"\n<p><strong><strong>En total s&#8217;han registrat prop de 400 mobilitzacions per a actuar en incendis forestals, comprovacions de fum, vigil\u00e0ncia, retirades d&#8217;arbres caiguts i cerca de persones desaparegudes<\/strong><\/strong><\/p>\n\n\n\n<p>Les brigades forestals de la Diputaci\u00f3 de Val\u00e8ncia han realitzat, entre el 15 de juny i el 15 de setembre, 135 serveis d&#8217;emerg\u00e8ncia, la majoria d&#8217;ells relacionats amb incendis forestals.<\/p>\n\n\n\n<p>Este notable nombre d&#8217;actuacions es traduix en m\u00e9s de 280 brigades mobilitzades pel Consorci Provincial de Bombers, sobretot per a actuar com a serveis complementaris en incendis forestals, centrant el seu treball en labors de perimetratge i la creaci\u00f3 de reguardes despr\u00e9s del foc.&nbsp;<\/p>\n\n\n\n<p>Al costat de les incid\u00e8ncies relacionades amb la prevenci\u00f3 i extinci\u00f3 d&#8217;incendis, estos efectius tamb\u00e9 han executat m\u00e9s de 50 comprovacions de fum. Aix\u00ed, quan una brigada albira una columna de fum sospitosa, s&#8217;encarrega de donar l&#8217;av\u00eds al Consorci Provincial de Bombers i acudir a la zona per a comprovar si es tracta d&#8217;una situaci\u00f3 de perill real.<\/p>\n\n\n\n<p>Igualment, s&#8217;han realitzat una desena de serveis que tenen a veure amb la retirada d&#8217;arbres caiguts. En este sentit, s\u00f3n priorit\u00e0ries les intervencions en els casos en qu\u00e8 s&#8217;obstaculitzen vies de comunicaci\u00f3, especialment en camins i pistes rurals.<\/p>\n\n\n\n<p>Altres serveis realitzats a l&#8217;estiu han tingut a veure amb la cerca de persones desaparegudes i la vigil\u00e0ncia en cremes controlades i en zones on han caigut llamps.<\/p>\n\n\n\n<p><strong>Increment de les hores de vigil\u00e0ncia<\/strong><\/p>\n\n\n\n<p>Durant la vig\u00e8ncia del dispositiu especial d&#8217;estiu, les brigades forestals incrementen les hores dedicades a la vigil\u00e0ncia, amb el prop\u00f2sit de minimitzar el temps de resposta davant qualsevol emerg\u00e8ncia.<\/p>\n\n\n\n<p>D&#8217;esta manera, es realitzen labors habituals de silvicultura al mat\u00ed, centrant-se en la vigil\u00e0ncia en horari vespert\u00ed. Aix\u00ed mateix, els dies en qu\u00e8 s&#8217;haja establit preemerg\u00e8ncia per risc extrem d&#8217;incendis forestals, aix\u00ed com els diumenges i festius, les brigades es dediquen exclusivament a labors de vigil\u00e0ncia, tant des dels punts assignats com en ruta.<\/p>\n","protected":false},"excerpt":{"rendered":"<div class=\"mh-excerpt\">En total s&#8217;han registrat prop de 400 mobilitzacions per a actuar en incendis forestals, comprovacions de fum, vigil\u00e0ncia, retirades d&#8217;arbres caiguts i cerca de persones desaparegudes Les brigades forestals de la Diputaci\u00f3 de Val\u00e8ncia han <a class=\"mh-excerpt-more\" href=\"https:\/\/www.tucomarca.com\/wordpress\/segunda\/ca\/les-brigades-forestals-de-la-diputacio-participen-en-135-serveis-demergencia-este-estiu\/\" title=\"Les brigades forestals de la Diputaci\u00f3 participen en 135 serveis d&#8217;emerg\u00e8ncia este estiu\">[+] <\/a><\/div>\n","protected":false},"author":1,"featured_media":141535,"comment_status":"open","ping_status":"open","sticky":false,"template":"","format":"standard","meta":{"footnotes":""},"categories":[10898,10948,10894,10904,10903,10896,10897],"tags":[14363,11401,11199],"class_list":{"0":"post-141537","1":"post","2":"type-post","3":"status-publish","4":"format-standard","5":"has-post-thumbnail","7":"category-ventana-ca","8":"category-infraestructuras-ca","9":"category-la-comarca-ca","10":"category-sin-categorizar-ca","11":"category-medio-ambiente-la-comarca-ca","12":"category-seccion-ca","13":"category-sucesos-la-comarca-ca","14":"tag-bomberos-ca","15":"tag-diputacion-de-valencia-ca","16":"tag-la-comunitat-ca"},"_links":{"self":[{"href":"https:\/\/www.tucomarca.com\/wordpress\/segunda\/ca\/wp-json\/wp\/v2\/posts\/141537","targetHints":{"allow":["GET"]}}],"collection":[{"href":"https:\/\/www.tucomarca.com\/wordpress\/segunda\/ca\/wp-json\/wp\/v2\/posts"}],"about":[{"href":"https:\/\/www.tucomarca.com\/wordpress\/segunda\/ca\/wp-json\/wp\/v2\/types\/post"}],"author":[{"embeddable":true,"href":"https:\/\/www.tucomarca.com\/wordpress\/segunda\/ca\/wp-json\/wp\/v2\/users\/1"}],"replies":[{"embeddable":true,"href":"https:\/\/www.tucomarca.com\/wordpress\/segunda\/ca\/wp-json\/wp\/v2\/comments?post=141537"}],"version-history":[{"count":0,"href":"https:\/\/www.tucomarca.com\/wordpress\/segunda\/ca\/wp-json\/wp\/v2\/posts\/141537\/revisions"}],"wp:featuredmedia":[{"embeddable":true,"href":"https:\/\/www.tucomarca.com\/wordpress\/segunda\/ca\/wp-json\/wp\/v2\/media\/141535"}],"wp:attachment":[{"href":"https:\/\/www.tucomarca.com\/wordpress\/segunda\/ca\/wp-json\/wp\/v2\/media?parent=141537"}],"wp:term":[{"taxonomy":"category","embeddable":true,"href":"https:\/\/www.tucomarca.com\/wordpress\/segunda\/ca\/wp-json\/wp\/v2\/categories?post=141537"},{"taxonomy":"post_tag","embeddable":true,"href":"https:\/\/www.tucomarca.com\/wordpress\/segunda\/ca\/wp-json\/wp\/v2\/tags?post=141537"}],"curies":[{"name":"wp","href":"https:\/\/api.w.org\/{rel}","templated":true}]}}