{"id":141590,"date":"2021-09-27T08:30:00","date_gmt":"2021-09-27T07:30:00","guid":{"rendered":"http:\/\/www.tucomarca.com\/wordpress\/segunda\/?p=141590"},"modified":"2021-09-28T10:32:53","modified_gmt":"2021-09-28T09:32:53","slug":"lhospital-de-manises-posa-en-marxa-un-assaig-clinic-amb-pacients-per-al-tractament-de-la-retinosis-pigmentaria","status":"publish","type":"post","link":"https:\/\/www.tucomarca.com\/wordpress\/segunda\/ca\/lhospital-de-manises-posa-en-marxa-un-assaig-clinic-amb-pacients-per-al-tractament-de-la-retinosis-pigmentaria\/","title":{"rendered":"L&#8217;Hospital de Manises posa en marxa un assaig cl\u00ednic amb pacients per al tractament de la retinosis pigment\u00e0ria"},"content":{"rendered":"\n<p><strong>Juntament amb el centre sanitari, en el projecte participa el Centre d&#8217;Investigaci\u00f3 Pr\u00edncep Felip i l&#8217;Associaci\u00f3 d&#8217;Afectats per Distr\u00f2fies Heredit\u00e0ries de Retina de la Comunitat Valenciana<\/strong><\/p>\n\n\n\n<p><strong>En l&#8217;assaig participen 30 pacients i permetr\u00e0 avaluar la seguretat i efic\u00e0cia de l&#8217;administraci\u00f3 intrav\u00edtria de Adalimumab en pacients de Retinosis per a frenar la patologia.<\/strong><\/p>\n\n\n\n<p><strong>El Dr. David Salom destaca la novetat d&#8217;aquest nou tractament en fase de prova ja que busca \u201calleujar la inflamaci\u00f3 de la retina que caracteritza a aquesta patologia heredit\u00e0ria\u201d<\/strong><\/p>\n\n\n\n<p>En el Dia de la Retinosis Pigment\u00e0ria, l&#8217;Hospital de Manises, juntament amb el Centre d&#8217;Investigaci\u00f3 Pr\u00edncep Felip (CIPF) i l&#8217;Associaci\u00f3 d&#8217;Afectats per Distr\u00f2fies Heredit\u00e0ries de Retina de la Comunitat Valenciana, presenten l&#8217;arrancada d&#8217;un assaig cl\u00ednic pacients i que obri una porta al tractament d&#8217;aquesta malaltia gen\u00e8tica. En aquest estudi participen un total de 30 pacients, \u201ct\u00e9 com a objectiu aconseguir el control de la inflamaci\u00f3 cr\u00f2nica associada que pateixen les persones amb aquesta patologia\u201d, explica el Dr. David Salom, cap de Servei Oftalmologia del centre sanitari.&nbsp;<\/p>\n\n\n\n<p>Entre les novetats d&#8217;aquest estudi, el Dr. Salom destaca que \u201c\u00e9s important posar el focus en qu\u00e8 el tractament experimental que s&#8217;aplicar\u00e0 als pacients \u201calleuge la inflamaci\u00f3 de la retina que caracteritza a aquesta patologia heredit\u00e0ria, millorant aix\u00ed la seua qualitat de vida\u201d. \u201cEns trobem en una fase d&#8217;avaluaci\u00f3 de la seguretat&nbsp;i efic\u00e0cia&nbsp;de l&#8217;administraci\u00f3 d&#8217;aquest tractament que fins ara no havia sigut testat en persones. Per aix\u00f2, ens trobem en una fase de l&#8217;assaig de vital import\u00e0ncia ja que pot suposar un pas avant en el tractament d&#8217;aquesta malaltia\u201d, explica l&#8217;oftalm\u00f2leg de l&#8217;Hospital de Manises.<\/p>\n\n\n\n<p>Cadascuna de les institucions que participen de l&#8217;assaig cl\u00ednic, han participat de manera essencial en el projecte. El CIPF i la Dra. Regina Rodrigo va liderar la fase experimental necess\u00e0ria per a la seua posada en marxa i administraci\u00f3 a pacients. Per part seua, l&#8217;\u00c0rea d&#8217;Oftalmologia de l&#8217;Hospital de Manises assumir\u00e0 la part cl\u00ednica i de seguiment dels pacients durant l&#8217;administraci\u00f3 intrav\u00edtria de Adalimumab. Finalment, l&#8217;Associaci\u00f3 de Retinosis Pigment\u00e0ria, ha posat al servei de la investigaci\u00f3 als pacients associats disposats a participar de l&#8217;estudi de manera activa i que complisquen els criteris d&#8217;inclusi\u00f3. \u201cUn dels nostres principals objectius com a associaci\u00f3 aglutinadora de pacients amb aquesta mena de patologies \u00e9s servir de pont entre ells i les institucions investigadores\u201d, explica Almudena Amaya presidenta de l&#8217;Associaci\u00f3.&nbsp;<\/p>\n\n\n\n<p>Per part seua, la Dra. Regina Rodrigo, investigadora principal del CIPF recorda que \u201cla retinosis pigment\u00e0ria es considera una malaltia rara i \u00e9s la principal causa gen\u00e8tica de ceguesa als pa\u00efsos desenvolupats. Invertir en malalties minorit\u00e0ries \u00e9s necessari per a poder desenvolupar nous tractaments i ter\u00e0pies que milloren la qualitat de vida de les persones que les pateixen\u201d, explica.<\/p>\n","protected":false},"excerpt":{"rendered":"<div class=\"mh-excerpt\">Juntament amb el centre sanitari, en el projecte participa el Centre d&#8217;Investigaci\u00f3 Pr\u00edncep Felip i l&#8217;Associaci\u00f3 d&#8217;Afectats per Distr\u00f2fies Heredit\u00e0ries de Retina de la Comunitat Valenciana En l&#8217;assaig participen 30 pacients i permetr\u00e0 avaluar la <a class=\"mh-excerpt-more\" href=\"https:\/\/www.tucomarca.com\/wordpress\/segunda\/ca\/lhospital-de-manises-posa-en-marxa-un-assaig-clinic-amb-pacients-per-al-tractament-de-la-retinosis-pigmentaria\/\" title=\"L&#8217;Hospital de Manises posa en marxa un assaig cl\u00ednic amb pacients per al tractament de la retinosis pigment\u00e0ria\">[+] <\/a><\/div>\n","protected":false},"author":1,"featured_media":141588,"comment_status":"open","ping_status":"open","sticky":false,"template":"","format":"standard","meta":{"footnotes":""},"categories":[10973,10911,10892,11010,10898,10977,10980,10948,10894,10904,10912,10902,10931,10978,10906,10896,11047,10974,10975],"tags":[11092,11207],"class_list":{"0":"post-141590","1":"post","2":"type-post","3":"status-publish","4":"format-standard","5":"has-post-thumbnail","7":"category-alborache-ca","8":"category-bunol-ca","9":"category-camp-de-turia-ca","10":"category-canal-salud","11":"category-ventana-ca","12":"category-godelleta-ca","13":"category-yatova-ca","14":"category-infraestructuras-ca","15":"category-la-comarca-ca","16":"category-sin-categorizar-ca","17":"category-la-hoya-ca","18":"category-la-ribera-ca","19":"category-loriguilla-ca","20":"category-macastre-ca","21":"category-riba-roja-ca","22":"category-seccion-ca","23":"category-turis-ca","24":"category-cheste-ca","25":"category-chiva-ca","26":"tag-hospital-de-manises-ca","27":"tag-salud-ca"},"_links":{"self":[{"href":"https:\/\/www.tucomarca.com\/wordpress\/segunda\/ca\/wp-json\/wp\/v2\/posts\/141590","targetHints":{"allow":["GET"]}}],"collection":[{"href":"https:\/\/www.tucomarca.com\/wordpress\/segunda\/ca\/wp-json\/wp\/v2\/posts"}],"about":[{"href":"https:\/\/www.tucomarca.com\/wordpress\/segunda\/ca\/wp-json\/wp\/v2\/types\/post"}],"author":[{"embeddable":true,"href":"https:\/\/www.tucomarca.com\/wordpress\/segunda\/ca\/wp-json\/wp\/v2\/users\/1"}],"replies":[{"embeddable":true,"href":"https:\/\/www.tucomarca.com\/wordpress\/segunda\/ca\/wp-json\/wp\/v2\/comments?post=141590"}],"version-history":[{"count":0,"href":"https:\/\/www.tucomarca.com\/wordpress\/segunda\/ca\/wp-json\/wp\/v2\/posts\/141590\/revisions"}],"wp:featuredmedia":[{"embeddable":true,"href":"https:\/\/www.tucomarca.com\/wordpress\/segunda\/ca\/wp-json\/wp\/v2\/media\/141588"}],"wp:attachment":[{"href":"https:\/\/www.tucomarca.com\/wordpress\/segunda\/ca\/wp-json\/wp\/v2\/media?parent=141590"}],"wp:term":[{"taxonomy":"category","embeddable":true,"href":"https:\/\/www.tucomarca.com\/wordpress\/segunda\/ca\/wp-json\/wp\/v2\/categories?post=141590"},{"taxonomy":"post_tag","embeddable":true,"href":"https:\/\/www.tucomarca.com\/wordpress\/segunda\/ca\/wp-json\/wp\/v2\/tags?post=141590"}],"curies":[{"name":"wp","href":"https:\/\/api.w.org\/{rel}","templated":true}]}}