{"id":141728,"date":"2021-09-28T09:09:00","date_gmt":"2021-09-28T08:09:00","guid":{"rendered":"http:\/\/www.tucomarca.com\/wordpress\/segunda\/?p=141728"},"modified":"2021-09-30T20:29:03","modified_gmt":"2021-09-30T19:29:03","slug":"bunyol-atrau-als-visitants-de-la-fira-dels-comarques-en-la-placa-de-lajuntament-de-valencia","status":"publish","type":"post","link":"https:\/\/www.tucomarca.com\/wordpress\/segunda\/ca\/bunyol-atrau-als-visitants-de-la-fira-dels-comarques-en-la-placa-de-lajuntament-de-valencia\/","title":{"rendered":"Bunyol atrau als visitants de la Fira dels Comarques en la Pla\u00e7a de l&#8217;Ajuntament de Val\u00e8ncia"},"content":{"rendered":"\n<h4 class=\"wp-block-heading\">La VR Experience Tomatina i l&#8217;\u00e0mplia oferta cultural, patrimonial i paisatg\u00edstica que ofereix tots els caps de setmana Bu\u00f1ol, ha sigut l&#8217;atractiu principal<\/h4>\n\n\n\n<figure class=\"wp-block-image size-large\"><img loading=\"lazy\" decoding=\"async\" width=\"960\" height=\"802\" src=\"http:\/\/www.tucomarca.com\/wordpress\/segunda\/wp-content\/uploads\/2021\/09\/BunyolFiraComarques02.jpeg\" alt=\"\" class=\"wp-image-141723\" srcset=\"https:\/\/www.tucomarca.com\/wordpress\/segunda\/wp-content\/uploads\/2021\/09\/BunyolFiraComarques02.jpeg 960w, https:\/\/www.tucomarca.com\/wordpress\/segunda\/wp-content\/uploads\/2021\/09\/BunyolFiraComarques02-300x251.jpeg 300w, https:\/\/www.tucomarca.com\/wordpress\/segunda\/wp-content\/uploads\/2021\/09\/BunyolFiraComarques02-768x642.jpeg 768w\" sizes=\"auto, (max-width: 960px) 100vw, 960px\" \/><\/figure>\n\n\n\n<p>Bu\u00f1ol va ser present en la Fira dels Comarques de la Diputaci\u00f3 de Val\u00e8ncia, celebrada el passat cap de setmana en la Pla\u00e7a de l&#8217;Ajuntament de la capital del T\u00faria. Va haver-hi una bona representaci\u00f3 de municipis tur\u00edstics de la prov\u00edncia i per aix\u00f2 Bu\u00f1ol no podia faltar amb un xicotet estand informatiu.<\/p>\n\n\n\n<p>Al costat de l&#8217;alcaldessa de Bu\u00f1ol, Jonquera Carrascosa, i la regidora de Turisme i Tomatina, Mar\u00eda Vall\u00e9s, tamb\u00e9 va ser present l&#8217;edil de Cultura, Juan Luis Pall\u00e1s. Al llarg dels quasi tres dies que va ser present aquesta localitat en la Fira s&#8217;oferia a trav\u00e9s de codis QR als assistents l&#8217;\u00e0mplia oferta paisatg\u00edstica, natural, patrimonial i cultural amb la qual compta aquesta localitat.<\/p>\n\n\n\n<p>El diumenge a les 11h l&#8217;edil de Cultura i l&#8217;Alcaldessa de Bu\u00f1ol van presentar el projecte cultural i art\u00edstic que ser\u00e0 present en la localitat fins a mitjan desembre com \u00e9s la Tardor a Pinzellades. A aix\u00f2 tamb\u00e9 es va afegir el joc virtual VR Experience Tomatina, amb el qual tots els visitants van poder gaudir d&#8217;una festa diferent, m\u00e9s tecnol\u00f2gica, per\u00f2 al mateix temps pr\u00f2xima, i molt atractiva, ja que pots viure dins del termini i en la forma escaient aquesta festa declarada d&#8217;inter\u00e9s tur\u00edstic internacional sense tacar-te.<\/p>\n\n\n\n<p>L&#8217;edil de Turisme destaca que l&#8217;objectiu de ser present en la Fira dels Comarques no \u00e9s un altre que \u201ctraure al nostre poble fora de les nostres fronteres, traure els nostres productes culturals, patrimonials i naturals al m\u00f3n, perqu\u00e8 ens puguen con\u00e9ixer i ser presents en algun dels nombrosos actes i activitats a l&#8217;aire lliure que es programen tant des de l&#8217;Ajuntament com des d&#8217;empreses tur\u00edstiques privades que organitzen rutes i activitats naturals tots els caps de setmana\u201d.<\/p>\n\n\n\n<p>Vall\u00e9s va confirmar que des d&#8217;aquest pont d&#8217;octubre tots els ve\u00efns i turistes que visiten el Museu de la Tomatina, situat al Molino Gal\u00e0, podran gaudir de la VR Experience Tomatina.<\/p>\n","protected":false},"excerpt":{"rendered":"<div class=\"mh-excerpt\">La VR Experience Tomatina i l&#8217;\u00e0mplia oferta cultural, patrimonial i paisatg\u00edstica que ofereix tots els caps de setmana Bu\u00f1ol, ha sigut l&#8217;atractiu principal Bu\u00f1ol va ser present en la Fira dels Comarques de la Diputaci\u00f3 <a class=\"mh-excerpt-more\" href=\"https:\/\/www.tucomarca.com\/wordpress\/segunda\/ca\/bunyol-atrau-als-visitants-de-la-fira-dels-comarques-en-la-placa-de-lajuntament-de-valencia\/\" title=\"Bunyol atrau als visitants de la Fira dels Comarques en la Pla\u00e7a de l&#8217;Ajuntament de Val\u00e8ncia\">[+] <\/a><\/div>\n","protected":false},"author":12,"featured_media":141722,"comment_status":"open","ping_status":"open","sticky":false,"template":"","format":"standard","meta":{"footnotes":""},"categories":[10911,10894,10912,10896],"tags":[10913,11401,11112,10914],"class_list":{"0":"post-141728","1":"post","2":"type-post","3":"status-publish","4":"format-standard","5":"has-post-thumbnail","7":"category-bunol-ca","8":"category-la-comarca-ca","9":"category-la-hoya-ca","10":"category-seccion-ca","11":"tag-bunol-ca","12":"tag-diputacion-de-valencia-ca","13":"tag-fira-de-les-comarques-ca","14":"tag-la-hoya-de-bunol-chiva-ca"},"_links":{"self":[{"href":"https:\/\/www.tucomarca.com\/wordpress\/segunda\/ca\/wp-json\/wp\/v2\/posts\/141728","targetHints":{"allow":["GET"]}}],"collection":[{"href":"https:\/\/www.tucomarca.com\/wordpress\/segunda\/ca\/wp-json\/wp\/v2\/posts"}],"about":[{"href":"https:\/\/www.tucomarca.com\/wordpress\/segunda\/ca\/wp-json\/wp\/v2\/types\/post"}],"author":[{"embeddable":true,"href":"https:\/\/www.tucomarca.com\/wordpress\/segunda\/ca\/wp-json\/wp\/v2\/users\/12"}],"replies":[{"embeddable":true,"href":"https:\/\/www.tucomarca.com\/wordpress\/segunda\/ca\/wp-json\/wp\/v2\/comments?post=141728"}],"version-history":[{"count":0,"href":"https:\/\/www.tucomarca.com\/wordpress\/segunda\/ca\/wp-json\/wp\/v2\/posts\/141728\/revisions"}],"wp:featuredmedia":[{"embeddable":true,"href":"https:\/\/www.tucomarca.com\/wordpress\/segunda\/ca\/wp-json\/wp\/v2\/media\/141722"}],"wp:attachment":[{"href":"https:\/\/www.tucomarca.com\/wordpress\/segunda\/ca\/wp-json\/wp\/v2\/media?parent=141728"}],"wp:term":[{"taxonomy":"category","embeddable":true,"href":"https:\/\/www.tucomarca.com\/wordpress\/segunda\/ca\/wp-json\/wp\/v2\/categories?post=141728"},{"taxonomy":"post_tag","embeddable":true,"href":"https:\/\/www.tucomarca.com\/wordpress\/segunda\/ca\/wp-json\/wp\/v2\/tags?post=141728"}],"curies":[{"name":"wp","href":"https:\/\/api.w.org\/{rel}","templated":true}]}}