{"id":141733,"date":"2021-09-29T10:22:00","date_gmt":"2021-09-29T09:22:00","guid":{"rendered":"http:\/\/www.tucomarca.com\/wordpress\/segunda\/?p=141733"},"modified":"2021-09-30T09:06:18","modified_gmt":"2021-09-30T08:06:18","slug":"lajuntament-de-riba-roja-deplora-que-el-valencia-cf-opte-per-la-via-judicial-en-recorrer-al-tsj-la-sentencia-que-rebutja-una-indemnitzacio-de-25-milions-per-porxinos","status":"publish","type":"post","link":"https:\/\/www.tucomarca.com\/wordpress\/segunda\/ca\/lajuntament-de-riba-roja-deplora-que-el-valencia-cf-opte-per-la-via-judicial-en-recorrer-al-tsj-la-sentencia-que-rebutja-una-indemnitzacio-de-25-milions-per-porxinos\/","title":{"rendered":"L&#8217;Ajuntament de Riba-roja deplora que el Val\u00e8ncia CF opte per la via judicial en rec\u00f3rrer al TSJ la sent\u00e8ncia que rebutja una indemnitzaci\u00f3 de 25 milions per Porxinos"},"content":{"rendered":"\n<h4 class=\"wp-block-heading\">Litoral de l&#8217;Est recorre la fallada de finals del passat mes de juliol&nbsp;<\/h4>\n\n\n\n<p>L&#8217;Ajuntament de Riba-roja de T\u00faria ha lamentat l&#8217;actitud del Val\u00e8ncia CF, a trav\u00e9s de la mercantil Litoral de l&#8217;Est, en rec\u00f3rrer en apel\u00b7laci\u00f3 davant el Tribunal Superior de Just\u00edcia de la Comunitat Valenciana (TSJ) la sent\u00e8ncia emesa a la fi de juliol passat en la qual es rebutja una indemnitzaci\u00f3 de 25 milions d&#8217;euros per l&#8217;anul\u00b7laci\u00f3 del programa d&#8217;actuaci\u00f3 integrada (PAI) de Porxinos.&nbsp;<\/p>\n\n\n\n<p>Litoral de l&#8217;Est, l&#8217;empresa creada pel Val\u00e8ncia per a dur a terme un programa urban\u00edstic a Riba-roja de T\u00faria, ha presentat un recurs en apel\u00b7laci\u00f3 davant el m\u00e0xim \u00f2rgan jur\u00eddic de la Comunitat Valenciana despr\u00e9s de la garrotada del jutjat contenci\u00f3s administratiu n\u00famero 2 de Val\u00e8ncia que ratificava la postura de l&#8217;Ajuntament de Riba-roja a negar-se a retornar els 25 milions d&#8217;euros despr\u00e9s de l&#8217;anul\u00b7laci\u00f3 del pla urban\u00edstic.&nbsp;<\/p>\n\n\n\n<p>L&#8217;Ajuntament de Riba-roja de T\u00faria ha lamentat que els actuals dirigents del Val\u00e8ncia hagen optat per una actitud \u201cbel\u00b7ligerant\u201d i \u201ccombativa\u201d en lloc d&#8217;acceptar la fallada judicial que a la fi de juliol suposava una ratificaci\u00f3 de l&#8217;actitud que al llarg de tot el proc\u00e9s ha mantingut l&#8217;administraci\u00f3 local en lloc del di\u00e0leg i el consens amb les administracions.&nbsp;<\/p>\n\n\n\n<p>L&#8217;equip de govern de Riba-roja de T\u00faria considera que els actuals dirigents del Val\u00e8ncia CF \u201cs&#8217;obstinen a rec\u00f3rrer per totes les vies legals al seu abast un programa urban\u00edstic que pretenia en el seu moment una especulaci\u00f3 immobili\u00e0ria i econ\u00f2mica \u00fanicament i per a aix\u00f2 utilitzaven un espai verd i de gran valor ecol\u00f2gic i ambiental com l&#8217;\u00e0rea de Porxinos\u201d.&nbsp;<\/p>\n\n\n\n<p>L&#8217;Ajuntament de Riba-roja de T\u00faria recorda que aquest PAI ha servit, fins al moment, perqu\u00e8 el Val\u00e8ncia, a trav\u00e9s de l&#8217;empresa creada, haja obtingut \u201cun pelotazo\u201d de 141\u20192 milions d&#8217;euros en plusv\u00e0lues, com aix\u00ed s&#8217;acredita en l&#8217;\u00faltima sent\u00e8ncia, a costa de tots els ve\u00efns de la localitat amb el pretext del citat pla urban\u00edstic i abans d&#8217;haver dut a terme cap mena d&#8217;obra concreta.&nbsp;<\/p>\n\n\n\n<p>El PAI de Porxinos a Riba-roja de T\u00faria es va iniciar l&#8217;any 2005 amb la signatura d&#8217;un conveni entre Litoral de l&#8217;Est i l&#8217;Ajuntament de Riba-roja de T\u00faria, llavors governat per l&#8217;ex alcalde Francisco Tarazona, del Partit Popular, la construcci\u00f3 d&#8217;una ciutat esportiva, un camp de golf i fins a 2.700 habitatges en aquell moment en la citada \u00e0rea ambiental de la localitat.&nbsp;<\/p>\n\n\n\n<p>No obstant aix\u00f2, primer una sent\u00e8ncia del Tribunal Superior de Just\u00edcia d&#8217;abril de 2013 i una posterior del Suprem de juny de 2015 van declarar nul el pla parcial i l&#8217;homologaci\u00f3 del projecte urban\u00edstic en considerar que no existien suficients recursos h\u00eddrics com posava de manifest un informe de la Confederaci\u00f3 Hidrogr\u00e0fica del X\u00faquer (CHJ), a m\u00e9s de que no es van respectar les condicions que imposava la declaraci\u00f3 d&#8217;impacte ambiental respecte del paratge confrontant dels Rodanes i, finalment, l&#8217;adjudicaci\u00f3 de la urbanitzaci\u00f3 es va realitzar &#8220;a dit&#8221; i &#8220;sense la necess\u00e0ria oferta p\u00fablica&#8221;.&nbsp;<\/p>\n\n\n\n<p>Malgrat el rev\u00e9s judicial, Litoral de l&#8217;Est va tornar a tramitar un nou pla que va presentar a l&#8217;Ajuntament de Riba-roja de T\u00faria al mar\u00e7 de 2016 qui al seu torn va traslladar a la Generalitat Valenciana com a administraci\u00f3 p\u00fablica competent per a dictaminar sobre aquest nou tipus de projecte urban\u00edstic.&nbsp;<\/p>\n\n\n\n<p>La Comissi\u00f3 d&#8217;Avaluaci\u00f3 Ambiental de la Generalitat va rebutjar a l&#8217;abril passat la tramitaci\u00f3 del nou pla perqu\u00e8 aquest triplicava els l\u00edmits de creixements previstos a Riba-roja de T\u00faria. A m\u00e9s, al setembre la Conselleria de Medi Ambient ha ampliat l&#8217;\u00e0rea de protecci\u00f3 del pla d&#8217;Ordenaci\u00f3 de Recursos Naturals (PORN) del T\u00faria en el qual el paratge de Porxinos quedar\u00e0 incl\u00f2s en la denominada interfase 1 com a zona forestal i agr\u00edcola no urbanitzable, per tant, el PAI \u00e9s inviable.&nbsp;<\/p>\n\n\n\n<p>A aquestes sent\u00e8ncies es va unir posteriorment la del juliol passat en la qual es rebutjava la pretensi\u00f3 de Litoral de l&#8217;Est de rebre 25 milions d&#8217;euros en concepte d&#8217;interessos i indemnitzaci\u00f3 per l&#8217;anul\u00b7laci\u00f3 del pla urban\u00edstic, a pesar que els va reportar 141 milions d&#8217;euros en plusv\u00e0lues.<\/p>\n\n\n\n<p><\/p>\n","protected":false},"excerpt":{"rendered":"<div class=\"mh-excerpt\">Litoral de l&#8217;Est recorre la fallada de finals del passat mes de juliol&nbsp; L&#8217;Ajuntament de Riba-roja de T\u00faria ha lamentat l&#8217;actitud del Val\u00e8ncia CF, a trav\u00e9s de la mercantil Litoral de l&#8217;Est, en rec\u00f3rrer en <a class=\"mh-excerpt-more\" href=\"https:\/\/www.tucomarca.com\/wordpress\/segunda\/ca\/lajuntament-de-riba-roja-deplora-que-el-valencia-cf-opte-per-la-via-judicial-en-recorrer-al-tsj-la-sentencia-que-rebutja-una-indemnitzacio-de-25-milions-per-porxinos\/\" title=\"L&#8217;Ajuntament de Riba-roja deplora que el Val\u00e8ncia CF opte per la via judicial en rec\u00f3rrer al TSJ la sent\u00e8ncia que rebutja una indemnitzaci\u00f3 de 25 milions per Porxinos\">[+] <\/a><\/div>\n","protected":false},"author":12,"featured_media":138639,"comment_status":"open","ping_status":"open","sticky":false,"template":"","format":"standard","meta":{"footnotes":""},"categories":[10892,10948,10894,10947,10906,10896,10897],"tags":[10899,15204,15024,12606],"class_list":{"0":"post-141733","1":"post","2":"type-post","3":"status-publish","4":"format-standard","5":"has-post-thumbnail","7":"category-camp-de-turia-ca","8":"category-infraestructuras-ca","9":"category-la-comarca-ca","10":"category-politica","11":"category-riba-roja-ca","12":"category-seccion-ca","13":"category-sucesos-la-comarca-ca","14":"tag-camp-de-turia-ca","15":"tag-porxinos-ca","16":"tag-riba-roja-de-turia-ca","17":"tag-valencia-cf-ca"},"_links":{"self":[{"href":"https:\/\/www.tucomarca.com\/wordpress\/segunda\/ca\/wp-json\/wp\/v2\/posts\/141733","targetHints":{"allow":["GET"]}}],"collection":[{"href":"https:\/\/www.tucomarca.com\/wordpress\/segunda\/ca\/wp-json\/wp\/v2\/posts"}],"about":[{"href":"https:\/\/www.tucomarca.com\/wordpress\/segunda\/ca\/wp-json\/wp\/v2\/types\/post"}],"author":[{"embeddable":true,"href":"https:\/\/www.tucomarca.com\/wordpress\/segunda\/ca\/wp-json\/wp\/v2\/users\/12"}],"replies":[{"embeddable":true,"href":"https:\/\/www.tucomarca.com\/wordpress\/segunda\/ca\/wp-json\/wp\/v2\/comments?post=141733"}],"version-history":[{"count":0,"href":"https:\/\/www.tucomarca.com\/wordpress\/segunda\/ca\/wp-json\/wp\/v2\/posts\/141733\/revisions"}],"wp:featuredmedia":[{"embeddable":true,"href":"https:\/\/www.tucomarca.com\/wordpress\/segunda\/ca\/wp-json\/wp\/v2\/media\/138639"}],"wp:attachment":[{"href":"https:\/\/www.tucomarca.com\/wordpress\/segunda\/ca\/wp-json\/wp\/v2\/media?parent=141733"}],"wp:term":[{"taxonomy":"category","embeddable":true,"href":"https:\/\/www.tucomarca.com\/wordpress\/segunda\/ca\/wp-json\/wp\/v2\/categories?post=141733"},{"taxonomy":"post_tag","embeddable":true,"href":"https:\/\/www.tucomarca.com\/wordpress\/segunda\/ca\/wp-json\/wp\/v2\/tags?post=141733"}],"curies":[{"name":"wp","href":"https:\/\/api.w.org\/{rel}","templated":true}]}}